{"id":18140,"date":"2023-10-12T16:28:41","date_gmt":"2023-10-12T15:28:41","guid":{"rendered":"https:\/\/voranews.al\/?p=18140"},"modified":"2023-10-12T16:28:43","modified_gmt":"2023-10-12T15:28:43","slug":"per-tirane-ne-perkrahje-te-shqiperise-albin-kurti-prane-kombetares-sot-ne-stadium-forca-djema-evropiani-po-na-pret","status":"publish","type":"post","link":"https:\/\/voranews.al\/?p=18140","title":{"rendered":"\u201cP\u00ebr Tiran\u00eb n\u00eb p\u00ebrkrahje t\u00eb Shqip\u00ebris\u00eb\u201d: Albin Kurti pran\u00eb komb\u00ebtares sot n\u00eb stadium: Forca djema. Evropiani po na pret"},"content":{"rendered":"\n<p>Postimi i Albin Kurtit n\u00eb FB:<\/p>\n\n\n\n<p><em>Bashk\u00eb me Lulzim Jasharin rrug\u00ebs p\u00ebr Tiran\u00eb n\u00eb p\u00ebrkrahje t\u00eb Shqip\u00ebris\u00eb. Forca djema. Evropiani po na pret.<\/em><\/p>\n\n\n\n<figure class=\"wp-block-embed\"><div class=\"wp-block-embed__wrapper\">\nhttps:\/\/web.facebook.com\/photo.php?fbid=871812520979143&#038;set=a.469157147911351&#038;type=3&#038;ref=embed_post\n<\/div><\/figure>\n\n\n\n<p><\/p>\n\n\n\n<p><\/p>\n\n\n\n<p><\/p>\n\n\n\n<p><\/p>\n","protected":false},"excerpt":{"rendered":"<p>Postimi i Albin Kurtit n\u00eb FB: Bashk\u00eb me Lulzim Jasharin rrug\u00ebs p\u00ebr Tiran\u00eb n\u00eb p\u00ebrkrahje t\u00eb Shqip\u00ebris\u00eb. Forca djema. Evropiani po na pret. https:\/\/web.facebook.com\/photo.php?fbid=871812520979143&#038;set=a.469157147911351&#038;type=3&#038;ref=embed_post<\/p>\n","protected":false},"author":1,"featured_media":18141,"comment_status":"closed","ping_status":"closed","sticky":true,"template":"","format":"standard","meta":{"_jetpack_memberships_contains_paid_content":false,"footnotes":""},"categories":[4],"tags":[],"jetpack_sharing_enabled":true,"jetpack_featured_media_url":"https:\/\/voranews.al\/wp-content\/uploads\/2023\/10\/IMG_6512.jpeg","_links":{"self":[{"href":"https:\/\/voranews.al\/index.php?rest_route=\/wp\/v2\/posts\/18140"}],"collection":[{"href":"https:\/\/voranews.al\/index.php?rest_route=\/wp\/v2\/posts"}],"about":[{"href":"https:\/\/voranews.al\/index.php?rest_route=\/wp\/v2\/types\/post"}],"author":[{"embeddable":true,"href":"https:\/\/voranews.al\/index.php?rest_route=\/wp\/v2\/users\/1"}],"replies":[{"embeddable":true,"href":"https:\/\/voranews.al\/index.php?rest_route=%2Fwp%2Fv2%2Fcomments&post=18140"}],"version-history":[{"count":1,"href":"https:\/\/voranews.al\/index.php?rest_route=\/wp\/v2\/posts\/18140\/revisions"}],"predecessor-version":[{"id":18142,"href":"https:\/\/voranews.al\/index.php?rest_route=\/wp\/v2\/posts\/18140\/revisions\/18142"}],"wp:featuredmedia":[{"embeddable":true,"href":"https:\/\/voranews.al\/index.php?rest_route=\/wp\/v2\/media\/18141"}],"wp:attachment":[{"href":"https:\/\/voranews.al\/index.php?rest_route=%2Fwp%2Fv2%2Fmedia&parent=18140"}],"wp:term":[{"taxonomy":"category","embeddable":true,"href":"https:\/\/voranews.al\/index.php?rest_route=%2Fwp%2Fv2%2Fcategories&post=18140"},{"taxonomy":"post_tag","embeddable":true,"href":"https:\/\/voranews.al\/index.php?rest_route=%2Fwp%2Fv2%2Ftags&post=18140"}],"curies":[{"name":"wp","href":"https:\/\/api.w.org\/{rel}","templated":true}]}}