{"id":18569,"date":"2023-11-21T14:06:10","date_gmt":"2023-11-21T13:06:10","guid":{"rendered":"https:\/\/voranews.al\/?p=18569"},"modified":"2023-11-21T14:06:11","modified_gmt":"2023-11-21T13:06:11","slug":"bie-prodhimi-i-ullirit-rritet-cmimi-shkak-jane-kushtet-atmosferike-dhe-kostot-e-larta","status":"publish","type":"post","link":"https:\/\/voranews.al\/?p=18569","title":{"rendered":"Bie prodhimi i ullirit- Rritet \u00e7mimi, shkak jan\u00eb kushtet atmosferike dhe kostot e larta"},"content":{"rendered":"\n<p>Prodhimi i ullirit dhe vajit t\u00eb ullirit k\u00ebt\u00eb vit ka r\u00ebn\u00eb ndjesh\u00ebm. Sipas fermer\u00ebve nj\u00eb faktor q\u00eb ka dh\u00ebn\u00eb ndikim n\u00eb k\u00ebt\u00eb reduktim te prodhimit kane qene kushtet e pafavorshme t\u00eb motit por edhe l\u00ebnia pas dor\u00ebs dhe pa sh\u00ebrbime e pem\u00ebve p\u00ebr shkak t\u00eb kostove t\u00eb larta.<\/p>\n\n\n\n<p>Kryesisht me problem \u00ebsht\u00eb&nbsp; mungesa e krahut te pun\u00ebs si edhe \u00e7mimet e larta p\u00ebr pleh\u00ebrimin.<\/p>\n\n\n\n<p>Aktualisht \u00e7mimi i vajit \u00ebsht\u00eb rritur ndjesh\u00ebm nd\u00ebrsa ne mas\u00eb t\u00eb madhe kjo ndikohet nga k\u00ebrkesa p\u00ebr vaj ulliri q\u00eb ka edhe tregu ne vendet fqinj\u00eb.<\/p>\n\n\n\n<p>Nga 400- 500 lek\u00eb p\u00ebr lit\u00ebr vitin e kaluar aktualisht \u00e7mimi i blerjes ne fabrik\u00eb \u00ebsht\u00eb 700-800 lek\u00eb p\u00ebr lit\u00ebr.<\/p>\n\n\n\n<p><\/p>\n\n\n\n<p><\/p>\n\n\n\n<p><\/p>\n\n\n\n<p><\/p>\n\n\n\n<p><\/p>\n","protected":false},"excerpt":{"rendered":"<p>Prodhimi i ullirit dhe vajit t\u00eb ullirit k\u00ebt\u00eb vit ka r\u00ebn\u00eb ndjesh\u00ebm. Sipas fermer\u00ebve nj\u00eb faktor q\u00eb ka dh\u00ebn\u00eb ndikim n\u00eb k\u00ebt\u00eb reduktim te prodhimit kane qene kushtet e pafavorshme t\u00eb motit por edhe l\u00ebnia pas dor\u00ebs dhe pa sh\u00ebrbime e pem\u00ebve p\u00ebr shkak t\u00eb kostove t\u00eb larta. Kryesisht me problem \u00ebsht\u00eb&nbsp; mungesa e krahut &hellip;<\/p>\n","protected":false},"author":1,"featured_media":18570,"comment_status":"closed","ping_status":"closed","sticky":true,"template":"","format":"standard","meta":{"_jetpack_memberships_contains_paid_content":false,"footnotes":""},"categories":[4],"tags":[],"jetpack_sharing_enabled":true,"jetpack_featured_media_url":"https:\/\/voranews.al\/wp-content\/uploads\/2023\/11\/IMG_7250.jpeg","_links":{"self":[{"href":"https:\/\/voranews.al\/index.php?rest_route=\/wp\/v2\/posts\/18569"}],"collection":[{"href":"https:\/\/voranews.al\/index.php?rest_route=\/wp\/v2\/posts"}],"about":[{"href":"https:\/\/voranews.al\/index.php?rest_route=\/wp\/v2\/types\/post"}],"author":[{"embeddable":true,"href":"https:\/\/voranews.al\/index.php?rest_route=\/wp\/v2\/users\/1"}],"replies":[{"embeddable":true,"href":"https:\/\/voranews.al\/index.php?rest_route=%2Fwp%2Fv2%2Fcomments&post=18569"}],"version-history":[{"count":1,"href":"https:\/\/voranews.al\/index.php?rest_route=\/wp\/v2\/posts\/18569\/revisions"}],"predecessor-version":[{"id":18571,"href":"https:\/\/voranews.al\/index.php?rest_route=\/wp\/v2\/posts\/18569\/revisions\/18571"}],"wp:featuredmedia":[{"embeddable":true,"href":"https:\/\/voranews.al\/index.php?rest_route=\/wp\/v2\/media\/18570"}],"wp:attachment":[{"href":"https:\/\/voranews.al\/index.php?rest_route=%2Fwp%2Fv2%2Fmedia&parent=18569"}],"wp:term":[{"taxonomy":"category","embeddable":true,"href":"https:\/\/voranews.al\/index.php?rest_route=%2Fwp%2Fv2%2Fcategories&post=18569"},{"taxonomy":"post_tag","embeddable":true,"href":"https:\/\/voranews.al\/index.php?rest_route=%2Fwp%2Fv2%2Ftags&post=18569"}],"curies":[{"name":"wp","href":"https:\/\/api.w.org\/{rel}","templated":true}]}}