{"id":18725,"date":"2023-12-06T07:41:06","date_gmt":"2023-12-06T06:41:06","guid":{"rendered":"https:\/\/voranews.al\/?p=18725"},"modified":"2023-12-06T07:41:08","modified_gmt":"2023-12-06T06:41:08","slug":"reshje-shiu-dhe-debore-ne-vend-temperaturat-pesojne-renie","status":"publish","type":"post","link":"https:\/\/voranews.al\/?p=18725","title":{"rendered":"Reshje shiu dhe d\u00ebbore n\u00eb vend, temperaturat p\u00ebsojn\u00eb r\u00ebnie"},"content":{"rendered":"\n<p><strong>Shqip\u00ebria<\/strong><\/p>\n\n\n\n<p>Nj\u00eb sistem i fuqish\u00ebm vran\u00ebsirash do t\u00eb vendoset n\u00eb territorin shqiptar duke sjell\u00eb reshje shiu n\u00eb Ult\u00ebsir\u00ebn Per\u00ebndimore si edhe reshje d\u00ebbore n\u00eb zonat malore. Parashikohet q\u00eb reshjet t\u00eb jen\u00eb n\u00eb sasi t\u00eb pakta por ngricat n\u00eb akset rrugore mbeten problematike n\u00eb zonat malore p\u00ebrgjat\u00eb shtrirjes lindore. Or\u00ebt e pasdites dhe mbr\u00ebmjes do t\u00eb vijojn\u00eb me vran\u00ebsira, shira dhe d\u00ebbor\u00eb t\u00eb izoluar.<\/p>\n\n\n\n<p>Gjat\u00eb nat\u00ebs do t\u00eb ket\u00eb nd\u00ebrprerje t\u00eb reshjeve n\u00eb t\u00eb gjith\u00eb territorin e vendit. Temperaturat e ajrit do t\u00eb p\u00ebsojn\u00eb r\u00ebnie n\u00eb t\u00eb dy vlerat ekstremale ditore duke u luhatur nga -2\u00b0C deri n\u00eb 13\u00b0C. Era do t\u00eb fryj\u00eb mesatare gjat\u00eb paradites por forcohet pasdite duke arritur shpejt\u00ebsin\u00eb maksimale deri n\u00eb 60 km\/h nga drejtimi kryesisht Veriper\u00ebndimor, p\u00ebr pasoje n\u00eb brigjet detare do t\u00eb gjenerohet dallg\u00ebzim mbi 3 ball\u00eb.<\/p>\n\n\n\n<p><strong>Kosova<\/strong><\/p>\n\n\n\n<p>Vran\u00ebsirat e dendura do t\u00eb dominojn\u00eb kushtet e motit n\u00eb Kosov\u00eb p\u00ebrgjat\u00eb gjith\u00eb 24 or\u00ebshit, ku parashikohet q\u00eb vran\u00ebsirat her\u00eb pas here t\u00eb p\u00ebsojn\u00eb zhvillime duke gjeneruar reshje d\u00ebbore. Pritet q\u00eb reshjet e d\u00ebbor\u00ebs m\u00eb t\u00eb fokusuara t\u00eb jen\u00eb n\u00eb qytetet p\u00ebrgjat\u00eb kufirit Per\u00ebndimor dhe Veriper\u00ebndimor.<\/p>\n\n\n\n<p>Prezenca e lart e lag\u00ebshtir\u00ebs, reshjet e d\u00ebbor\u00ebs si edhe temperaturat e ul\u00ebta do t\u00eb sjellin problematik\u00ebn e ngricave n\u00eb akset rrugore n\u00eb nj\u00eb pjes\u00eb t\u00eb madhe t\u00eb Republik\u00ebs s\u00eb Kosov\u00ebs. Temperaturat e ajrit do t\u00eb ulen n\u00eb m\u00ebngjes dhe n\u00eb mesdit\u00eb duke luhatur vlerat ditore nga -4 grad\u00eb C deri n\u00eb 7 grad\u00eb C. Era do t\u00eb fryj\u00eb mesatare deri e fort\u00eb me shpejt\u00ebsi maksimale mbi 55 km\/h nga drejtimi kryesisht verior dhe veriper\u00ebndimor.<\/p>\n\n\n\n<p><strong>Maqedonia e Veriut<\/strong><\/p>\n\n\n\n<p>Si pasoj\u00eb e kalimit t\u00eb nj\u00eb fronti t\u00eb ftoht\u00eb atmosferik pjesa m\u00eb e madhe e MV do t\u00eb jet\u00eb n\u00ebn dominimin e vran\u00ebsirave dhe reshjeve t\u00eb d\u00ebbor\u00ebs ku m\u00eb t\u00eb dukshme do t\u00eb jen\u00eb n\u00eb zonat Veriore dhe Veriper\u00ebndimore t\u00eb republik\u00ebs s\u00eb MV. Parashikohet; q\u00eb t\u00eb nj\u00ebjtat kushte t\u00eb paq\u00ebndrueshme atmosferike t\u00eb na shoq\u00ebrojn\u00eb edhe gjat\u00eb pasdites ku vran\u00ebsirat dhe reshjet e shiut dhe d\u00ebbor\u00ebs t\u00eb jen\u00eb dominante, pritet nd\u00ebrprerje e tyre vet\u00ebm n\u00eb or\u00ebt e vona t\u00eb nat\u00ebs. Temperaturat e ajrit do t\u00eb p\u00ebsojn\u00eb r\u00ebnie t\u00eb lehte n\u00eb or\u00ebt e m\u00ebngjesit por mesdita do t\u00eb sjell\u00eb 2 grad\u00eb r\u00ebnie t\u00eb tyre duke luhatur vlerat ditore nga -4\u00b0C minimalja deri n\u00eb 8\u00b0C vlera maksimale. Era do t\u00eb fryj\u00eb mesatare gjat\u00eb paradites dhe e fort\u00eb pasdite duke arritur shpejt\u00ebsin\u00eb mbi 55 km\/h nga drejtimi kryesisht verior dhe veriper\u00ebndimor.<\/p>\n\n\n\n<p><strong>Europa<\/strong><\/p>\n\n\n\n<p>Si pasoj\u00eb e zhvillimit t\u00eb nj\u00eb qendre t\u00eb fuqishme Ciklonare n\u00eb Veri- Veriper\u00ebndim t\u00eb kontinentit do t\u00eb diktoj\u00eb kushte t\u00eb paq\u00ebndrueshme atmosferike n\u00eb ishujt Britanik\u00eb, dhe gadishullin Skandinav duke sjell\u00eb vran\u00ebsira dhe reshje t\u00eb dendura shiu; shoq\u00ebruar her\u00eb pas here me stuhi t\u00eb fuqishme ere, nd\u00ebrkoh\u00eb n\u00eb Skandinavi priten edhe reshje t\u00eb dendura d\u00ebbore. Po ashtu, Europa qendrore si edhe pjes\u00ebrisht, gadishulli i Ballkanit do t\u00eb p\u00ebrfshihet nga nj\u00eb sistem i fuqish\u00ebm vran\u00ebsirash duke sjell\u00eb reshje shiu e d\u00ebbore nd\u00ebrsa n\u00ebn ndikimin e motit t\u00eb kthjell\u00ebt por t\u00eb ftoht\u00eb do t\u00eb paraqiten vet\u00ebm Europa Lindore si edhe rajoni i Balltikut.<\/p>\n\n\n\n<p><\/p>\n\n\n\n<p><\/p>\n\n\n\n<p><\/p>\n\n\n\n<p><\/p>\n\n\n\n<p><\/p>\n\n\n\n<p><\/p>\n","protected":false},"excerpt":{"rendered":"<p>Shqip\u00ebria Nj\u00eb sistem i fuqish\u00ebm vran\u00ebsirash do t\u00eb vendoset n\u00eb territorin shqiptar duke sjell\u00eb reshje shiu n\u00eb Ult\u00ebsir\u00ebn Per\u00ebndimore si edhe reshje d\u00ebbore n\u00eb zonat malore. Parashikohet q\u00eb reshjet t\u00eb jen\u00eb n\u00eb sasi t\u00eb pakta por ngricat n\u00eb akset rrugore mbeten problematike n\u00eb zonat malore p\u00ebrgjat\u00eb shtrirjes lindore. Or\u00ebt e pasdites dhe mbr\u00ebmjes do t\u00eb &hellip;<\/p>\n","protected":false},"author":1,"featured_media":18344,"comment_status":"closed","ping_status":"closed","sticky":true,"template":"","format":"standard","meta":{"_jetpack_memberships_contains_paid_content":false,"footnotes":""},"categories":[4],"tags":[],"jetpack_sharing_enabled":true,"jetpack_featured_media_url":"https:\/\/voranews.al\/wp-content\/uploads\/2023\/11\/IMG_6934.png","_links":{"self":[{"href":"https:\/\/voranews.al\/index.php?rest_route=\/wp\/v2\/posts\/18725"}],"collection":[{"href":"https:\/\/voranews.al\/index.php?rest_route=\/wp\/v2\/posts"}],"about":[{"href":"https:\/\/voranews.al\/index.php?rest_route=\/wp\/v2\/types\/post"}],"author":[{"embeddable":true,"href":"https:\/\/voranews.al\/index.php?rest_route=\/wp\/v2\/users\/1"}],"replies":[{"embeddable":true,"href":"https:\/\/voranews.al\/index.php?rest_route=%2Fwp%2Fv2%2Fcomments&post=18725"}],"version-history":[{"count":1,"href":"https:\/\/voranews.al\/index.php?rest_route=\/wp\/v2\/posts\/18725\/revisions"}],"predecessor-version":[{"id":18726,"href":"https:\/\/voranews.al\/index.php?rest_route=\/wp\/v2\/posts\/18725\/revisions\/18726"}],"wp:featuredmedia":[{"embeddable":true,"href":"https:\/\/voranews.al\/index.php?rest_route=\/wp\/v2\/media\/18344"}],"wp:attachment":[{"href":"https:\/\/voranews.al\/index.php?rest_route=%2Fwp%2Fv2%2Fmedia&parent=18725"}],"wp:term":[{"taxonomy":"category","embeddable":true,"href":"https:\/\/voranews.al\/index.php?rest_route=%2Fwp%2Fv2%2Fcategories&post=18725"},{"taxonomy":"post_tag","embeddable":true,"href":"https:\/\/voranews.al\/index.php?rest_route=%2Fwp%2Fv2%2Ftags&post=18725"}],"curies":[{"name":"wp","href":"https:\/\/api.w.org\/{rel}","templated":true}]}}