{"id":18914,"date":"2023-12-30T10:11:55","date_gmt":"2023-12-30T09:11:55","guid":{"rendered":"https:\/\/voranews.al\/?p=18914"},"modified":"2023-12-30T10:11:57","modified_gmt":"2023-12-30T09:11:57","slug":"spak-kerkon-arrest-ne-shtepi-me-mbikeqyrje-policore-gjkko-jep-sot-masen-per-berishen","status":"publish","type":"post","link":"https:\/\/voranews.al\/?p=18914","title":{"rendered":"SPAK k\u00ebrkon \u201carrest n\u00eb sht\u00ebpi\u201d me mbik\u00ebqyrje policore, GJKKO jep sot mas\u00ebn p\u00ebr Berish\u00ebn"},"content":{"rendered":"\n<p>Gjykata e Posa\u00e7me, pritet t\u00eb jap\u00eb sot n\u00eb mesdit\u00eb mas\u00ebn p\u00ebr ish-kryeministrin Sali Berisha, nd\u00ebrsa ndaj tij SPAK ka k\u00ebrkuar \u201carrest n\u00eb sht\u00ebpi\u201d dhe ndalim komunikimi.<\/p>\n\n\n\n<p>Avokat\u00ebt k\u00ebrkuan s\u00ebrish p\u00ebrjashtimin e gjyqtares Irena Gjoka, duke pretenduar se ajo ishte n\u00eb konflikt interesi<\/p>\n\n\n\n<p>SPAK k\u00ebrkon p\u00ebr Berish\u00ebn arrest n\u00eb sht\u00ebpi, ruajtjen e tij me punonj\u00ebs policie dhe ndalimin e komunikimit me persona t\u00eb tjer\u00eb p\u00ebrve\u00e7 atyre t\u00eb deklaruar q\u00eb jetojn\u00eb me t\u00eb n\u00eb banes\u00eb.<\/p>\n\n\n\n<p>Kjo mas\u00eb nga SPAK erdhi pasi m\u00eb her\u00ebt, ish-kryeministri nuk zbatoi vendimin e Gjykat\u00ebs, at\u00eb t\u00eb detyrimit me paraqitje para policis\u00eb gjyq\u00ebsore.<\/p>\n\n\n\n<p><\/p>\n\n\n\n<p><\/p>\n\n\n\n<p><\/p>\n\n\n\n<p><\/p>\n\n\n\n<p><\/p>\n","protected":false},"excerpt":{"rendered":"<p>Gjykata e Posa\u00e7me, pritet t\u00eb jap\u00eb sot n\u00eb mesdit\u00eb mas\u00ebn p\u00ebr ish-kryeministrin Sali Berisha, nd\u00ebrsa ndaj tij SPAK ka k\u00ebrkuar \u201carrest n\u00eb sht\u00ebpi\u201d dhe ndalim komunikimi. Avokat\u00ebt k\u00ebrkuan s\u00ebrish p\u00ebrjashtimin e gjyqtares Irena Gjoka, duke pretenduar se ajo ishte n\u00eb konflikt interesi SPAK k\u00ebrkon p\u00ebr Berish\u00ebn arrest n\u00eb sht\u00ebpi, ruajtjen e tij me punonj\u00ebs policie &hellip;<\/p>\n","protected":false},"author":1,"featured_media":18915,"comment_status":"closed","ping_status":"closed","sticky":true,"template":"","format":"standard","meta":{"_jetpack_memberships_contains_paid_content":false,"footnotes":""},"categories":[4],"tags":[],"jetpack_sharing_enabled":true,"jetpack_featured_media_url":"https:\/\/voranews.al\/wp-content\/uploads\/2023\/12\/IMG_7757.png","_links":{"self":[{"href":"https:\/\/voranews.al\/index.php?rest_route=\/wp\/v2\/posts\/18914"}],"collection":[{"href":"https:\/\/voranews.al\/index.php?rest_route=\/wp\/v2\/posts"}],"about":[{"href":"https:\/\/voranews.al\/index.php?rest_route=\/wp\/v2\/types\/post"}],"author":[{"embeddable":true,"href":"https:\/\/voranews.al\/index.php?rest_route=\/wp\/v2\/users\/1"}],"replies":[{"embeddable":true,"href":"https:\/\/voranews.al\/index.php?rest_route=%2Fwp%2Fv2%2Fcomments&post=18914"}],"version-history":[{"count":1,"href":"https:\/\/voranews.al\/index.php?rest_route=\/wp\/v2\/posts\/18914\/revisions"}],"predecessor-version":[{"id":18916,"href":"https:\/\/voranews.al\/index.php?rest_route=\/wp\/v2\/posts\/18914\/revisions\/18916"}],"wp:featuredmedia":[{"embeddable":true,"href":"https:\/\/voranews.al\/index.php?rest_route=\/wp\/v2\/media\/18915"}],"wp:attachment":[{"href":"https:\/\/voranews.al\/index.php?rest_route=%2Fwp%2Fv2%2Fmedia&parent=18914"}],"wp:term":[{"taxonomy":"category","embeddable":true,"href":"https:\/\/voranews.al\/index.php?rest_route=%2Fwp%2Fv2%2Fcategories&post=18914"},{"taxonomy":"post_tag","embeddable":true,"href":"https:\/\/voranews.al\/index.php?rest_route=%2Fwp%2Fv2%2Ftags&post=18914"}],"curies":[{"name":"wp","href":"https:\/\/api.w.org\/{rel}","templated":true}]}}