{"id":19039,"date":"2024-01-18T09:26:25","date_gmt":"2024-01-18T08:26:25","guid":{"rendered":"https:\/\/voranews.al\/?p=19039"},"modified":"2024-01-18T09:26:27","modified_gmt":"2024-01-18T08:26:27","slug":"vore-aksident-tragjik-e-ze-gjumi-automjeti-perfundon-ne-kanal-vdes-shoferi","status":"publish","type":"post","link":"https:\/\/voranews.al\/?p=19039","title":{"rendered":"Vor\u00eb: aksident tragjik\/ E z\u00eb gjumi, automjeti p\u00ebrfundon n\u00eb kanal vdes shoferi"},"content":{"rendered":"\n<p>Nj\u00eb person ka nd\u00ebrruar jet\u00eb m\u00ebngjesin e sot\u00ebm n\u00eb Tiran\u00eb. Viktima \u00ebsht\u00eb 64-vje\u00e7. Aksidenti ka ndodhur n\u00eb Vor\u00eb n\u00eb rrug\u00ebn e fshatit Mu\u00e7aj.<\/p>\n\n\n\n<p>Sipas policis\u00eb A. A. 64 vje\u00e7 dyshohet se ka humbur kontrollin mbi automjetin q\u00eb drejtonte, dyshohet p\u00ebr shkak t\u00eb pagjum\u00ebsis\u00eb, ose problemeve sh\u00ebndet\u00ebsore dhe ka dal\u00eb nga rruga duke r\u00ebn\u00eb n\u00eb kanal.<\/p>\n\n\n\n<p>P\u00ebr pasoj\u00eb, drejtuesi i automjetit ka humbur jet\u00ebn n\u00eb vendngjarje. Grupi hetimor po punon p\u00ebr sqarimin e rrethanave t\u00eb aksidentit.<\/p>\n\n\n\n<p><\/p>\n","protected":false},"excerpt":{"rendered":"<p>Nj\u00eb person ka nd\u00ebrruar jet\u00eb m\u00ebngjesin e sot\u00ebm n\u00eb Tiran\u00eb. Viktima \u00ebsht\u00eb 64-vje\u00e7. Aksidenti ka ndodhur n\u00eb Vor\u00eb n\u00eb rrug\u00ebn e fshatit Mu\u00e7aj. Sipas policis\u00eb A. A. 64 vje\u00e7 dyshohet se ka humbur kontrollin mbi automjetin q\u00eb drejtonte, dyshohet p\u00ebr shkak t\u00eb pagjum\u00ebsis\u00eb, ose problemeve sh\u00ebndet\u00ebsore dhe ka dal\u00eb nga rruga duke r\u00ebn\u00eb n\u00eb kanal. &hellip;<\/p>\n","protected":false},"author":1,"featured_media":19040,"comment_status":"closed","ping_status":"closed","sticky":true,"template":"","format":"standard","meta":{"_jetpack_memberships_contains_paid_content":false,"footnotes":""},"categories":[4],"tags":[],"jetpack_sharing_enabled":true,"jetpack_featured_media_url":"https:\/\/voranews.al\/wp-content\/uploads\/2024\/01\/IMG_7931.jpeg","_links":{"self":[{"href":"https:\/\/voranews.al\/index.php?rest_route=\/wp\/v2\/posts\/19039"}],"collection":[{"href":"https:\/\/voranews.al\/index.php?rest_route=\/wp\/v2\/posts"}],"about":[{"href":"https:\/\/voranews.al\/index.php?rest_route=\/wp\/v2\/types\/post"}],"author":[{"embeddable":true,"href":"https:\/\/voranews.al\/index.php?rest_route=\/wp\/v2\/users\/1"}],"replies":[{"embeddable":true,"href":"https:\/\/voranews.al\/index.php?rest_route=%2Fwp%2Fv2%2Fcomments&post=19039"}],"version-history":[{"count":1,"href":"https:\/\/voranews.al\/index.php?rest_route=\/wp\/v2\/posts\/19039\/revisions"}],"predecessor-version":[{"id":19041,"href":"https:\/\/voranews.al\/index.php?rest_route=\/wp\/v2\/posts\/19039\/revisions\/19041"}],"wp:featuredmedia":[{"embeddable":true,"href":"https:\/\/voranews.al\/index.php?rest_route=\/wp\/v2\/media\/19040"}],"wp:attachment":[{"href":"https:\/\/voranews.al\/index.php?rest_route=%2Fwp%2Fv2%2Fmedia&parent=19039"}],"wp:term":[{"taxonomy":"category","embeddable":true,"href":"https:\/\/voranews.al\/index.php?rest_route=%2Fwp%2Fv2%2Fcategories&post=19039"},{"taxonomy":"post_tag","embeddable":true,"href":"https:\/\/voranews.al\/index.php?rest_route=%2Fwp%2Fv2%2Ftags&post=19039"}],"curies":[{"name":"wp","href":"https:\/\/api.w.org\/{rel}","templated":true}]}}