{"id":19300,"date":"2024-03-26T17:05:45","date_gmt":"2024-03-26T16:05:45","guid":{"rendered":"https:\/\/voranews.al\/?p=19300"},"modified":"2024-03-26T17:05:47","modified_gmt":"2024-03-26T16:05:47","slug":"shqiperia-u21-pret-zvicren-ne-air-albania-trajneri-bushi-publikon-formacionin","status":"publish","type":"post","link":"https:\/\/voranews.al\/?p=19300","title":{"rendered":"Shqip\u00ebria U21 pret Zvicr\u00ebn n\u00eb Air Albania, trajneri Bushi publikon formacionin"},"content":{"rendered":"\n<p>Pas barazimit pa gola me Finland\u00ebn, Shqip\u00ebria U21 do t\u00eb tentoj\u00eb suksesin n\u00eb ndeshjen e radh\u00ebs t\u00eb Grupit E kualifikues p\u00ebr Euro 2025.<\/p>\n\n\n\n<p>Kuqezinjt\u00eb e drejtuar nga trajneri Alban Bushi presin Zvicr\u00ebn, q\u00eb p\u00ebr momentin mban vendin e dyt\u00eb n\u00eb grup me nj\u00eb pik\u00eb m\u00eb shum\u00eb se Shqip\u00ebria.<\/p>\n\n\n\n<p>Trajneri Bushi ka zbuluar edhe formacionin q\u00eb do t\u00eb p\u00ebrballet me helvet\u00ebt, ku ka disa ndryshime nga ndeshja me Finland\u00ebn. Nga minuta e par\u00eb n\u00eb k\u00ebt\u00eb sfid\u00eb e nisin Mjaki, Rashica si dhe Nikaj nd\u00ebrsa mungon Smajli p\u00ebr arsye d\u00ebmtimi.<\/p>\n\n\n\n<p><strong>Formacioni i Shqip\u00ebris\u00eb U21 p\u00ebr ndeshjen me Zvicr\u00ebn:<\/strong><\/p>\n\n\n\n<figure class=\"wp-block-image\"><img decoding=\"async\" src=\"https:\/\/www.supersport.al\/wp-content\/uploads\/2024\/03\/shqip.png\" alt=\"\" class=\"wp-image-482759\"\/><\/figure>\n","protected":false},"excerpt":{"rendered":"<p>Pas barazimit pa gola me Finland\u00ebn, Shqip\u00ebria U21 do t\u00eb tentoj\u00eb suksesin n\u00eb ndeshjen e radh\u00ebs t\u00eb Grupit E kualifikues p\u00ebr Euro 2025. Kuqezinjt\u00eb e drejtuar nga trajneri Alban Bushi presin Zvicr\u00ebn, q\u00eb p\u00ebr momentin mban vendin e dyt\u00eb n\u00eb grup me nj\u00eb pik\u00eb m\u00eb shum\u00eb se Shqip\u00ebria. Trajneri Bushi ka zbuluar edhe formacionin q\u00eb &hellip;<\/p>\n","protected":false},"author":1,"featured_media":19301,"comment_status":"closed","ping_status":"closed","sticky":true,"template":"","format":"standard","meta":{"_jetpack_memberships_contains_paid_content":false,"footnotes":""},"categories":[1],"tags":[],"jetpack_sharing_enabled":true,"jetpack_featured_media_url":"https:\/\/voranews.al\/wp-content\/uploads\/2024\/03\/U21.jpeg","_links":{"self":[{"href":"https:\/\/voranews.al\/index.php?rest_route=\/wp\/v2\/posts\/19300"}],"collection":[{"href":"https:\/\/voranews.al\/index.php?rest_route=\/wp\/v2\/posts"}],"about":[{"href":"https:\/\/voranews.al\/index.php?rest_route=\/wp\/v2\/types\/post"}],"author":[{"embeddable":true,"href":"https:\/\/voranews.al\/index.php?rest_route=\/wp\/v2\/users\/1"}],"replies":[{"embeddable":true,"href":"https:\/\/voranews.al\/index.php?rest_route=%2Fwp%2Fv2%2Fcomments&post=19300"}],"version-history":[{"count":1,"href":"https:\/\/voranews.al\/index.php?rest_route=\/wp\/v2\/posts\/19300\/revisions"}],"predecessor-version":[{"id":19302,"href":"https:\/\/voranews.al\/index.php?rest_route=\/wp\/v2\/posts\/19300\/revisions\/19302"}],"wp:featuredmedia":[{"embeddable":true,"href":"https:\/\/voranews.al\/index.php?rest_route=\/wp\/v2\/media\/19301"}],"wp:attachment":[{"href":"https:\/\/voranews.al\/index.php?rest_route=%2Fwp%2Fv2%2Fmedia&parent=19300"}],"wp:term":[{"taxonomy":"category","embeddable":true,"href":"https:\/\/voranews.al\/index.php?rest_route=%2Fwp%2Fv2%2Fcategories&post=19300"},{"taxonomy":"post_tag","embeddable":true,"href":"https:\/\/voranews.al\/index.php?rest_route=%2Fwp%2Fv2%2Ftags&post=19300"}],"curies":[{"name":"wp","href":"https:\/\/api.w.org\/{rel}","templated":true}]}}