{"id":19347,"date":"2024-03-31T10:41:40","date_gmt":"2024-03-31T09:41:40","guid":{"rendered":"https:\/\/voranews.al\/?p=19347"},"modified":"2024-03-31T10:41:42","modified_gmt":"2024-03-31T09:41:42","slug":"bie-nga-kati-i-dyte-i-baneses-vdes-93-vjecari-ne-vlore","status":"publish","type":"post","link":"https:\/\/voranews.al\/?p=19347","title":{"rendered":"Bie nga kati i dyt\u00eb i banes\u00ebs, vdes 93-vje\u00e7ari n\u00eb Vlor\u00eb"},"content":{"rendered":"\n<p>Nj\u00eb ngjarje e r\u00ebnd\u00eb ka ndodhur paraditen e k\u00ebsaj t\u00eb diele n\u00eb Vlor\u00eb. Nj\u00eb 93-vje\u00e7ar ka r\u00ebn\u00eb aksidentalisht nga kati i dyt\u00eb i banes\u00ebs e p\u00ebr pasoj\u00eb ka humbur jet\u00ebn.<\/p>\n\n\n\n<p>Viktima \u00ebsht\u00eb identifikuar si shtetasi me iniciale E. F..<\/p>\n\n\n\n<p>\u201cSot, rreth or\u00ebs 09:35, n\u00eb lagjen \u201cPavarsia 3\u201d, dyshohet se \u00ebsht\u00eb rr\u00ebzuar nga kati i dyt\u00eb i banes\u00ebs s\u00eb tij, shtetasi E. F., 93 vje\u00e7, i cili si pasoj\u00eb ka nd\u00ebrruar jet\u00eb\u201d,-&nbsp;njofton Policia.<\/p>\n","protected":false},"excerpt":{"rendered":"<p>Nj\u00eb ngjarje e r\u00ebnd\u00eb ka ndodhur paraditen e k\u00ebsaj t\u00eb diele n\u00eb Vlor\u00eb. Nj\u00eb 93-vje\u00e7ar ka r\u00ebn\u00eb aksidentalisht nga kati i dyt\u00eb i banes\u00ebs e p\u00ebr pasoj\u00eb ka humbur jet\u00ebn. Viktima \u00ebsht\u00eb identifikuar si shtetasi me iniciale E. F.. \u201cSot, rreth or\u00ebs 09:35, n\u00eb lagjen \u201cPavarsia 3\u201d, dyshohet se \u00ebsht\u00eb rr\u00ebzuar nga kati i dyt\u00eb &hellip;<\/p>\n","protected":false},"author":1,"featured_media":19348,"comment_status":"closed","ping_status":"closed","sticky":true,"template":"","format":"standard","meta":{"_jetpack_memberships_contains_paid_content":false,"footnotes":""},"categories":[4],"tags":[],"jetpack_sharing_enabled":true,"jetpack_featured_media_url":"https:\/\/voranews.al\/wp-content\/uploads\/2024\/03\/po.jpg","_links":{"self":[{"href":"https:\/\/voranews.al\/index.php?rest_route=\/wp\/v2\/posts\/19347"}],"collection":[{"href":"https:\/\/voranews.al\/index.php?rest_route=\/wp\/v2\/posts"}],"about":[{"href":"https:\/\/voranews.al\/index.php?rest_route=\/wp\/v2\/types\/post"}],"author":[{"embeddable":true,"href":"https:\/\/voranews.al\/index.php?rest_route=\/wp\/v2\/users\/1"}],"replies":[{"embeddable":true,"href":"https:\/\/voranews.al\/index.php?rest_route=%2Fwp%2Fv2%2Fcomments&post=19347"}],"version-history":[{"count":1,"href":"https:\/\/voranews.al\/index.php?rest_route=\/wp\/v2\/posts\/19347\/revisions"}],"predecessor-version":[{"id":19349,"href":"https:\/\/voranews.al\/index.php?rest_route=\/wp\/v2\/posts\/19347\/revisions\/19349"}],"wp:featuredmedia":[{"embeddable":true,"href":"https:\/\/voranews.al\/index.php?rest_route=\/wp\/v2\/media\/19348"}],"wp:attachment":[{"href":"https:\/\/voranews.al\/index.php?rest_route=%2Fwp%2Fv2%2Fmedia&parent=19347"}],"wp:term":[{"taxonomy":"category","embeddable":true,"href":"https:\/\/voranews.al\/index.php?rest_route=%2Fwp%2Fv2%2Fcategories&post=19347"},{"taxonomy":"post_tag","embeddable":true,"href":"https:\/\/voranews.al\/index.php?rest_route=%2Fwp%2Fv2%2Ftags&post=19347"}],"curies":[{"name":"wp","href":"https:\/\/api.w.org\/{rel}","templated":true}]}}