{"id":19591,"date":"2024-05-09T17:29:14","date_gmt":"2024-05-09T16:29:14","guid":{"rendered":"https:\/\/voranews.al\/?p=19591"},"modified":"2024-05-09T17:29:15","modified_gmt":"2024-05-09T16:29:15","slug":"policia-arreston-ish-ushtaraket-qe-rekrutonin-njerez-per-ushtrine-ruse-ne-sri-lanka-fotot","status":"publish","type":"post","link":"https:\/\/voranews.al\/?p=19591","title":{"rendered":"Policia arreston ish-ushtarak\u00ebt q\u00eb rekrutonin njer\u00ebz p\u00ebr ushtrin\u00eb ruse n\u00eb Sri Lanka (fotot)"},"content":{"rendered":"\n<p>Policia tha se ka shkat\u00ebrruar nj\u00eb rrjet trafiku njer\u00ebzor q\u00eb d\u00ebrgonte \u201cish-ushtarak\u00eb nga Sri Lanka p\u00ebr t\u00eb luftuar si mercenar\u00eb n\u00eb konfliktin mes Rusis\u00eb e Ukrain\u00ebs\u201d.<\/p>\n\n\n\n<p>Dy ish-ushtarak\u00eb t\u00eb lart\u00eb nga Sri Lanka, p\u00ebrfshi dhe nj\u00eb gjeneral, jan\u00eb arrestuar p\u00ebr operacionin ilegal t\u00eb rekrutimit t\u00eb mercenar\u00ebve.<\/p>\n\n\n\n<p>Zyrtar\u00ebt vendas than\u00eb se t\u00eb dyshuarit e pa indentifikuar publikisht, nj\u00ebri 67 e tjetri 50 vje\u00e7, ishin drejtuesit e skem\u00ebs s\u00eb rekrutimit.<\/p>\n\n\n\n<p>Zhvillimi vjen nj\u00eb dit\u00eb pasi dhe India kishte b\u00ebr\u00eb nj\u00eb arrestim t\u00eb till\u00eb, duke joshur qytetar\u00eb t\u00eb Indis\u00eb p\u00ebr luftuar si mercenar\u00eb p\u00ebr Rusin\u00eb n\u00eb luft\u00ebn brutale.<\/p>\n\n\n\n<p>Ministria e mbrojtjes n\u00eb Sri Lanka ka konfirmuar m\u00eb par\u00eb se nj\u00eb num\u00ebr ish-ushtarak\u00ebsh t\u00eb saj jan\u00eb vrar\u00eb duke luftuar si mercenar\u00eb n\u00eb konfliktin Rusi-Ukrain\u00eb.<\/p>\n\n\n\n<p>P\u00ebr fat t\u00eb keq raste t\u00eb tilla jan\u00eb raportuar n\u00eb t\u00eb tjera vende t\u00eb varfra aziatike si India, e Nepal, teksa lufta n\u00eb lindje t\u00eb Ukrain\u00ebs e nisur prej shkurtit 2022, ka marr\u00eb qindra mij\u00ebra jet\u00eb njer\u00ebzish dhe vijon te luftohet.<\/p>\n\n\n\n<p><strong>Top Channel<\/strong><\/p>\n","protected":false},"excerpt":{"rendered":"<p>Policia tha se ka shkat\u00ebrruar nj\u00eb rrjet trafiku njer\u00ebzor q\u00eb d\u00ebrgonte \u201cish-ushtarak\u00eb nga Sri Lanka p\u00ebr t\u00eb luftuar si mercenar\u00eb n\u00eb konfliktin mes Rusis\u00eb e Ukrain\u00ebs\u201d. Dy ish-ushtarak\u00eb t\u00eb lart\u00eb nga Sri Lanka, p\u00ebrfshi dhe nj\u00eb gjeneral, jan\u00eb arrestuar p\u00ebr operacionin ilegal t\u00eb rekrutimit t\u00eb mercenar\u00ebve. Zyrtar\u00ebt vendas than\u00eb se t\u00eb dyshuarit e pa indentifikuar &hellip;<\/p>\n","protected":false},"author":1,"featured_media":19592,"comment_status":"closed","ping_status":"closed","sticky":true,"template":"","format":"standard","meta":{"_jetpack_memberships_contains_paid_content":false,"footnotes":""},"categories":[38],"tags":[],"jetpack_sharing_enabled":true,"jetpack_featured_media_url":"https:\/\/voranews.al\/wp-content\/uploads\/2024\/05\/luft.png","_links":{"self":[{"href":"https:\/\/voranews.al\/index.php?rest_route=\/wp\/v2\/posts\/19591"}],"collection":[{"href":"https:\/\/voranews.al\/index.php?rest_route=\/wp\/v2\/posts"}],"about":[{"href":"https:\/\/voranews.al\/index.php?rest_route=\/wp\/v2\/types\/post"}],"author":[{"embeddable":true,"href":"https:\/\/voranews.al\/index.php?rest_route=\/wp\/v2\/users\/1"}],"replies":[{"embeddable":true,"href":"https:\/\/voranews.al\/index.php?rest_route=%2Fwp%2Fv2%2Fcomments&post=19591"}],"version-history":[{"count":1,"href":"https:\/\/voranews.al\/index.php?rest_route=\/wp\/v2\/posts\/19591\/revisions"}],"predecessor-version":[{"id":19593,"href":"https:\/\/voranews.al\/index.php?rest_route=\/wp\/v2\/posts\/19591\/revisions\/19593"}],"wp:featuredmedia":[{"embeddable":true,"href":"https:\/\/voranews.al\/index.php?rest_route=\/wp\/v2\/media\/19592"}],"wp:attachment":[{"href":"https:\/\/voranews.al\/index.php?rest_route=%2Fwp%2Fv2%2Fmedia&parent=19591"}],"wp:term":[{"taxonomy":"category","embeddable":true,"href":"https:\/\/voranews.al\/index.php?rest_route=%2Fwp%2Fv2%2Fcategories&post=19591"},{"taxonomy":"post_tag","embeddable":true,"href":"https:\/\/voranews.al\/index.php?rest_route=%2Fwp%2Fv2%2Ftags&post=19591"}],"curies":[{"name":"wp","href":"https:\/\/api.w.org\/{rel}","templated":true}]}}