{"id":19982,"date":"2024-07-28T12:42:00","date_gmt":"2024-07-28T11:42:00","guid":{"rendered":"https:\/\/voranews.al\/?p=19982"},"modified":"2024-07-28T12:42:01","modified_gmt":"2024-07-28T11:42:01","slug":"ka-nga-ata-qe-shkojne-ne-baze-vetem-per-te-bere-foto-rama-kerkon-ndjese-per-disa-deputete-qekur-iken-si-ministra-duket-sikur-flasin-nga-hena","status":"publish","type":"post","link":"https:\/\/voranews.al\/?p=19982","title":{"rendered":"\u201cKa nga ata q\u00eb shkojn\u00eb n\u00eb baz\u00eb vet\u00ebm p\u00ebr t\u00eb b\u00ebr\u00eb foto\u201d, Rama k\u00ebrkon ndjes\u00eb p\u00ebr disa deputet\u00eb: Q\u00ebkur ik\u00ebn si ministra, duket sikur flasin nga h\u00ebna"},"content":{"rendered":"\n<p>Detyra e deputetit matet me kilometrat e b\u00ebra n\u00eb k\u00ebmb\u00eb n\u00eb vendin ku jeton komuniteti q\u00eb i ka dh\u00ebn\u00eb mandatin. Deputeti mund t\u00eb jet\u00eb ose jo i goj\u00ebs, por nuk mund t\u00eb jet\u00eb tjet\u00ebr ve\u00e7se shembulli q\u00eb d\u00ebgjon njer\u00ebzit dhe t\u00eb zhvilloj\u00eb dijet me problemet q\u00eb duhet t\u00eb merret, t\u00eb zgjidh\u00eb halle t\u00eb m\u00ebdha dhe t\u00eb vogla. T\u00eb jesh deputet i k\u00ebsaj partie, e konsideroj privilegj t\u00eb pakrahasuesh\u00ebm dhe t\u00eb zgjidhesh deputet nga shumica e shqiptar\u00ebve \u00ebsht\u00eb borxh q\u00eb nuk lahet dot kurr\u00eb.<\/p>\n\n\n\n<p>Atyre q\u00eb m\u00eb pyesni shpesh ku e gjen k\u00ebt\u00eb energji ua kthej me nj\u00eb buz\u00ebqeshje, por dua tu them nuk kam sesi rri dot asnj\u00eb or\u00eb rehat p\u00ebrderisa ata q\u00eb ma kan\u00eb b\u00ebr\u00eb k\u00ebt\u00eb nder, ka shum\u00eb q\u00eb nuk jan\u00eb rehat n\u00eb at\u00eb or\u00eb, kjo \u00ebsht\u00eb \u00e7\u00ebshtje detyre. U k\u00ebrkoj t\u00eb gjith\u00eb atyre q\u00eb deputet nuk jan\u00eb por kan\u00eb investuar mundin\u00a0 tyre dhe kan\u00eb dh\u00ebn\u00eb vot\u00ebn e tyre q\u00eb nj\u00eb grusht njer\u00ebzish t\u00eb PS t\u00eb jen\u00eb k\u00ebtu sot si deputet\u00eb.Dua tu k\u00ebrkoj ndjes\u00eb p\u00ebr ata deputet\u00eb q\u00eb nuk e kan\u00eb p\u00ebrmbushur Akoma minimumin jetik p\u00ebr detyr\u00ebn q\u00eb paguhen nga taksat e shqiptar\u00ebve shum\u00eb m\u00eb mir\u00eb sesa shumica. U k\u00ebrkoj ndjes\u00eb p\u00ebr ata deputet\u00eb q\u00eb dalin vet\u00ebm p\u00ebr t\u00eb m\u00eb shoq\u00ebruar mua. P\u00ebr ata deputet\u00eb q\u00eb u del z\u00ebri vet\u00ebm p\u00ebr interesa t\u00eb tyre dhe ata deputet\u00eb qyshse kan\u00eb zbritur n\u00eb sall\u00eb, flasin nj\u00ebher\u00eb n\u00eb h\u00ebn\u00eb sikur kan\u00eb ardhur n\u00eb h\u00ebn\u00eb.\u201d<\/p>\n\n\n\n<p><\/p>\n\n\n\n<p><\/p>\n\n\n\n<p><\/p>\n","protected":false},"excerpt":{"rendered":"<p>Detyra e deputetit matet me kilometrat e b\u00ebra n\u00eb k\u00ebmb\u00eb n\u00eb vendin ku jeton komuniteti q\u00eb i ka dh\u00ebn\u00eb mandatin. Deputeti mund t\u00eb jet\u00eb ose jo i goj\u00ebs, por nuk mund t\u00eb jet\u00eb tjet\u00ebr ve\u00e7se shembulli q\u00eb d\u00ebgjon njer\u00ebzit dhe t\u00eb zhvilloj\u00eb dijet me problemet q\u00eb duhet t\u00eb merret, t\u00eb zgjidh\u00eb halle t\u00eb m\u00ebdha dhe &hellip;<\/p>\n","protected":false},"author":1,"featured_media":19983,"comment_status":"closed","ping_status":"closed","sticky":false,"template":"","format":"standard","meta":{"_jetpack_memberships_contains_paid_content":false,"footnotes":""},"categories":[4],"tags":[],"jetpack_sharing_enabled":true,"jetpack_featured_media_url":"https:\/\/voranews.al\/wp-content\/uploads\/2024\/07\/IMG_9739.jpeg","_links":{"self":[{"href":"https:\/\/voranews.al\/index.php?rest_route=\/wp\/v2\/posts\/19982"}],"collection":[{"href":"https:\/\/voranews.al\/index.php?rest_route=\/wp\/v2\/posts"}],"about":[{"href":"https:\/\/voranews.al\/index.php?rest_route=\/wp\/v2\/types\/post"}],"author":[{"embeddable":true,"href":"https:\/\/voranews.al\/index.php?rest_route=\/wp\/v2\/users\/1"}],"replies":[{"embeddable":true,"href":"https:\/\/voranews.al\/index.php?rest_route=%2Fwp%2Fv2%2Fcomments&post=19982"}],"version-history":[{"count":1,"href":"https:\/\/voranews.al\/index.php?rest_route=\/wp\/v2\/posts\/19982\/revisions"}],"predecessor-version":[{"id":19984,"href":"https:\/\/voranews.al\/index.php?rest_route=\/wp\/v2\/posts\/19982\/revisions\/19984"}],"wp:featuredmedia":[{"embeddable":true,"href":"https:\/\/voranews.al\/index.php?rest_route=\/wp\/v2\/media\/19983"}],"wp:attachment":[{"href":"https:\/\/voranews.al\/index.php?rest_route=%2Fwp%2Fv2%2Fmedia&parent=19982"}],"wp:term":[{"taxonomy":"category","embeddable":true,"href":"https:\/\/voranews.al\/index.php?rest_route=%2Fwp%2Fv2%2Fcategories&post=19982"},{"taxonomy":"post_tag","embeddable":true,"href":"https:\/\/voranews.al\/index.php?rest_route=%2Fwp%2Fv2%2Ftags&post=19982"}],"curies":[{"name":"wp","href":"https:\/\/api.w.org\/{rel}","templated":true}]}}