{"id":20048,"date":"2024-08-07T07:27:38","date_gmt":"2024-08-07T06:27:38","guid":{"rendered":"https:\/\/voranews.al\/?p=20048"},"modified":"2024-08-07T07:27:40","modified_gmt":"2024-08-07T06:27:40","slug":"vazhdon-vala-e-te-nxehtit-afrikan-edhe-sot-nje-dite-e-nxehte-me-temperatura-te-larta","status":"publish","type":"post","link":"https:\/\/voranews.al\/?p=20048","title":{"rendered":"Vazhdon vala e t\u00eb nxehtit afrikan! Edhe sot nj\u00eb dit\u00eb e nxeht\u00eb me temperatura t\u00eb larta"},"content":{"rendered":"\n<p>P\u00ebr dit\u00ebn e sotme, vendi yn\u00eb pritet t\u00eb ndikohet nga kushte atmosferike t\u00eb q\u00ebndrueshme, si rezultat i aktivitetit t\u00eb masave t\u00eb ajrore t\u00eb nxehta me origjin\u00eb nga Anticikloni i Azoreve si dhe veriu i Afrik\u00ebs.<\/p>\n\n\n\n<p>Moti pritet t\u00eb jet\u00eb i kthjell\u00ebt e or\u00eb t\u00eb plota me diell pa p\u00ebrjashtuar vran\u00ebsirat deri mesatar nga or\u00ebt e mesdit\u00ebs e pasdite n\u00eb relievet kodrinore \u2013 malore kryesisht n\u00eb lindje e juglindje t\u00eb territorit.<\/p>\n\n\n\n<p>Era do t\u00eb fryj\u00eb me drejtim veriper\u00ebndim me shpejt\u00ebsi 1-6m\/s, nd\u00ebrsa p\u00ebrgjat\u00eb vij\u00ebs bregdetare, lugina e male era fiton shpejt\u00ebsi 8-10m\/sek, shoq\u00ebruar me dall\u00ebzim t\u00eb forc\u00ebs 1-2 ball\u00eb.<\/p>\n\n\n\n<figure class=\"wp-block-image size-large\"><img loading=\"lazy\" decoding=\"async\" width=\"500\" height=\"373\" src=\"https:\/\/voranews.al\/wp-content\/uploads\/2024\/08\/IMG_9840-1-500x373.webp\" alt=\"\" class=\"wp-image-20049\" srcset=\"https:\/\/voranews.al\/wp-content\/uploads\/2024\/08\/IMG_9840-1-500x373.webp 500w, https:\/\/voranews.al\/wp-content\/uploads\/2024\/08\/IMG_9840-1-300x224.webp 300w, https:\/\/voranews.al\/wp-content\/uploads\/2024\/08\/IMG_9840-1-768x574.webp 768w, https:\/\/voranews.al\/wp-content\/uploads\/2024\/08\/IMG_9840-1.webp 968w\" sizes=\"(max-width: 500px) 100vw, 500px\" \/><\/figure>\n\n\n\n<p><\/p>\n\n\n\n<p><\/p>\n","protected":false},"excerpt":{"rendered":"<p>P\u00ebr dit\u00ebn e sotme, vendi yn\u00eb pritet t\u00eb ndikohet nga kushte atmosferike t\u00eb q\u00ebndrueshme, si rezultat i aktivitetit t\u00eb masave t\u00eb ajrore t\u00eb nxehta me origjin\u00eb nga Anticikloni i Azoreve si dhe veriu i Afrik\u00ebs. Moti pritet t\u00eb jet\u00eb i kthjell\u00ebt e or\u00eb t\u00eb plota me diell pa p\u00ebrjashtuar vran\u00ebsirat deri mesatar nga or\u00ebt e &hellip;<\/p>\n","protected":false},"author":1,"featured_media":20050,"comment_status":"closed","ping_status":"closed","sticky":false,"template":"","format":"standard","meta":{"_jetpack_memberships_contains_paid_content":false,"footnotes":""},"categories":[4],"tags":[],"jetpack_sharing_enabled":true,"jetpack_featured_media_url":"https:\/\/voranews.al\/wp-content\/uploads\/2024\/08\/IMG_9841.webp","_links":{"self":[{"href":"https:\/\/voranews.al\/index.php?rest_route=\/wp\/v2\/posts\/20048"}],"collection":[{"href":"https:\/\/voranews.al\/index.php?rest_route=\/wp\/v2\/posts"}],"about":[{"href":"https:\/\/voranews.al\/index.php?rest_route=\/wp\/v2\/types\/post"}],"author":[{"embeddable":true,"href":"https:\/\/voranews.al\/index.php?rest_route=\/wp\/v2\/users\/1"}],"replies":[{"embeddable":true,"href":"https:\/\/voranews.al\/index.php?rest_route=%2Fwp%2Fv2%2Fcomments&post=20048"}],"version-history":[{"count":1,"href":"https:\/\/voranews.al\/index.php?rest_route=\/wp\/v2\/posts\/20048\/revisions"}],"predecessor-version":[{"id":20051,"href":"https:\/\/voranews.al\/index.php?rest_route=\/wp\/v2\/posts\/20048\/revisions\/20051"}],"wp:featuredmedia":[{"embeddable":true,"href":"https:\/\/voranews.al\/index.php?rest_route=\/wp\/v2\/media\/20050"}],"wp:attachment":[{"href":"https:\/\/voranews.al\/index.php?rest_route=%2Fwp%2Fv2%2Fmedia&parent=20048"}],"wp:term":[{"taxonomy":"category","embeddable":true,"href":"https:\/\/voranews.al\/index.php?rest_route=%2Fwp%2Fv2%2Fcategories&post=20048"},{"taxonomy":"post_tag","embeddable":true,"href":"https:\/\/voranews.al\/index.php?rest_route=%2Fwp%2Fv2%2Ftags&post=20048"}],"curies":[{"name":"wp","href":"https:\/\/api.w.org\/{rel}","templated":true}]}}