{"id":20245,"date":"2024-09-11T19:27:06","date_gmt":"2024-09-11T18:27:06","guid":{"rendered":"https:\/\/voranews.al\/?p=20245"},"modified":"2024-09-11T19:27:06","modified_gmt":"2024-09-11T18:27:06","slug":"aksidentohet-zjarrfikesja-ne-shkoder-plagosen-dy-efektive-detajet-e-para","status":"publish","type":"post","link":"https:\/\/voranews.al\/?p=20245","title":{"rendered":"Aksidentohet zjarrfik\u00ebsja n\u00eb Shkod\u00ebr, plagosen dy efektiv\u00eb, detajet e para"},"content":{"rendered":"\n<p>Automjeti i zjarrfik\u00ebses \u00ebsht\u00eb p\u00ebrfshir\u00eb n\u00eb nj\u00eb aksident n\u00eb Shkod\u00ebr pasditen e sotme. Ngjarja ka ndodhur n\u00eb fshatin Vukatan\u00eb rreth or\u00ebs 18:20.<\/p>\n\n\n\n<p>Sipas policis\u00eb, mjeti zjarrfik\u00ebs doli nga rruga si pasoj\u00eb e humbjes s\u00eb kontrollit nga drejtuesi. P\u00ebr pasoj\u00eb, drejtuesi K.M. 30 vje\u00e7 dhe pasagjeri R.K., t\u00eb dy zjarrfik\u00ebs, p\u00ebsuan d\u00ebmtime, por fatmir\u00ebsisht ndodhen jasht\u00eb rrezikut p\u00ebr jet\u00ebn.<\/p>\n\n\n\n<p>Grupi hetimor po punon p\u00ebr sqarimin e rrethanave dhe shkakut t\u00eb daljes nga rruga.<\/p>\n\n\n\n<p><\/p>\n\n\n\n<p><\/p>\n\n\n\n<p><\/p>\n","protected":false},"excerpt":{"rendered":"<p>Automjeti i zjarrfik\u00ebses \u00ebsht\u00eb p\u00ebrfshir\u00eb n\u00eb nj\u00eb aksident n\u00eb Shkod\u00ebr pasditen e sotme. Ngjarja ka ndodhur n\u00eb fshatin Vukatan\u00eb rreth or\u00ebs 18:20. Sipas policis\u00eb, mjeti zjarrfik\u00ebs doli nga rruga si pasoj\u00eb e humbjes s\u00eb kontrollit nga drejtuesi. P\u00ebr pasoj\u00eb, drejtuesi K.M. 30 vje\u00e7 dhe pasagjeri R.K., t\u00eb dy zjarrfik\u00ebs, p\u00ebsuan d\u00ebmtime, por fatmir\u00ebsisht ndodhen jasht\u00eb &hellip;<\/p>\n","protected":false},"author":1,"featured_media":20246,"comment_status":"closed","ping_status":"closed","sticky":false,"template":"","format":"standard","meta":{"_jetpack_memberships_contains_paid_content":false,"footnotes":""},"categories":[4],"tags":[],"jetpack_sharing_enabled":true,"jetpack_featured_media_url":"https:\/\/voranews.al\/wp-content\/uploads\/2024\/09\/IMG_0208.jpeg","_links":{"self":[{"href":"https:\/\/voranews.al\/index.php?rest_route=\/wp\/v2\/posts\/20245"}],"collection":[{"href":"https:\/\/voranews.al\/index.php?rest_route=\/wp\/v2\/posts"}],"about":[{"href":"https:\/\/voranews.al\/index.php?rest_route=\/wp\/v2\/types\/post"}],"author":[{"embeddable":true,"href":"https:\/\/voranews.al\/index.php?rest_route=\/wp\/v2\/users\/1"}],"replies":[{"embeddable":true,"href":"https:\/\/voranews.al\/index.php?rest_route=%2Fwp%2Fv2%2Fcomments&post=20245"}],"version-history":[{"count":1,"href":"https:\/\/voranews.al\/index.php?rest_route=\/wp\/v2\/posts\/20245\/revisions"}],"predecessor-version":[{"id":20247,"href":"https:\/\/voranews.al\/index.php?rest_route=\/wp\/v2\/posts\/20245\/revisions\/20247"}],"wp:featuredmedia":[{"embeddable":true,"href":"https:\/\/voranews.al\/index.php?rest_route=\/wp\/v2\/media\/20246"}],"wp:attachment":[{"href":"https:\/\/voranews.al\/index.php?rest_route=%2Fwp%2Fv2%2Fmedia&parent=20245"}],"wp:term":[{"taxonomy":"category","embeddable":true,"href":"https:\/\/voranews.al\/index.php?rest_route=%2Fwp%2Fv2%2Fcategories&post=20245"},{"taxonomy":"post_tag","embeddable":true,"href":"https:\/\/voranews.al\/index.php?rest_route=%2Fwp%2Fv2%2Ftags&post=20245"}],"curies":[{"name":"wp","href":"https:\/\/api.w.org\/{rel}","templated":true}]}}