{"id":20671,"date":"2024-12-03T14:55:50","date_gmt":"2024-12-03T13:55:50","guid":{"rendered":"https:\/\/voranews.al\/?p=20671"},"modified":"2024-12-03T14:55:52","modified_gmt":"2024-12-03T13:55:52","slug":"vengu-i-dorezon-shefit-te-shtabit-te-pergjithshem-te-fa-arben-kingji-graden-gjeneral-lejtenant","status":"publish","type":"post","link":"https:\/\/voranews.al\/?p=20671","title":{"rendered":"Vengu i dor\u00ebzon shefit t\u00eb Shtabit t\u00eb P\u00ebrgjithsh\u00ebm t\u00eb FA, Arben Kingji grad\u00ebn gjeneral lejt\u00ebnant"},"content":{"rendered":"\n<p>N\u00eb nj\u00eb ceremoni t\u00eb ve\u00e7ant\u00eb, shefi i Shtabit t\u00eb P\u00ebrgjithsh\u00ebm Arben Kingji u gradua si gjenerallejt\u00ebnant, pas dekretit t\u00eb miratuar nga presidenti i Republik\u00ebs. Kjo grad\u00eb, gjenerallejt\u00ebnant Kingjit iu dor\u00ebzua nga ministri i Mbrojtjes z.Piro Vengu.<\/p>\n\n\n\n<p>N\u00eb fjal\u00ebn e tij p\u00ebrsh\u00ebndet\u00ebse, ministri Vengu vler\u00ebsoi gjenerallejt\u00ebnant Kingjin, si nj\u00eb gjeneral q\u00eb \u00ebsht\u00eb ngritur n\u00eb karrier\u00eb duke kaluar t\u00eb gjitha etapat e nderit dhe duke sh\u00ebrbyer me sukses n\u00eb shum\u00eb detyra t\u00eb ngarkuara. Sipas ministrit Vengu, ky \u00ebsht\u00eb edhe nj\u00eb moment i ve\u00e7ant\u00eb pasi ylli i tret\u00eb n\u00eb Forcat e Armatosura \u00ebsht\u00eb rikthyer pas gati nj\u00eb dekade e gjysm\u00eb. Ministri i Mbrojtjes tha se gjenerallejt\u00ebnant Kingji e ka merituar k\u00ebt\u00eb yll t\u00eb tret\u00eb.<\/p>\n\n\n\n<figure class=\"wp-block-image\"><img decoding=\"async\" src=\"https:\/\/ads.adsense.al\/www\/delivery\/lg.php?bannerid=0&amp;campaignid=0&amp;zoneid=72&amp;loc=https%3A%2F%2Ffaxweb.al%2Fvengu-i-dorezon-shefit-te-shtabit-te-pergjithshem-te-fa-arben-kingji-graden-gjeneral-lejtenant%2F%3Ffbclid%3DIwZXh0bgNhZW0CMTEAAR19tJLwT0bIKoYw6Uf96ozOnJxHUQiJQmjajMK9NlQXo5Ei-FsIznqeOFo_aem_mnTk2CFNp5hvGnpaUfeCWw&amp;referer=http%3A%2F%2Fm.facebook.com%2F&amp;cb=3a96218821\" alt=\"\"\/><\/figure>\n\n\n\n<figure class=\"wp-block-image\"><img decoding=\"async\" src=\"https:\/\/ads.adsense.al\/www\/delivery\/lg.php?bannerid=0&amp;campaignid=0&amp;zoneid=65&amp;loc=https%3A%2F%2Ffaxweb.al%2Fvengu-i-dorezon-shefit-te-shtabit-te-pergjithshem-te-fa-arben-kingji-graden-gjeneral-lejtenant%2F%3Ffbclid%3DIwZXh0bgNhZW0CMTEAAR19tJLwT0bIKoYw6Uf96ozOnJxHUQiJQmjajMK9NlQXo5Ei-FsIznqeOFo_aem_mnTk2CFNp5hvGnpaUfeCWw&amp;referer=http%3A%2F%2Fm.facebook.com%2F&amp;cb=7ececc7e19\" alt=\"\"\/><\/figure>\n\n\n\n<p>\u201cDikush mund ta ket\u00eb ndjekur karrier\u00ebn e tij q\u00eb n\u00eb koh\u00ebn e Afganistanit, dikush q\u00eb n\u00eb koh\u00ebn q\u00eb ka drejtuar regjimentin n\u00eb Poshnje, q\u00eb kur ka drejtuar Forc\u00ebn Tok\u00ebsore, apo kur ka mbajtur pozicione t\u00eb tjera p\u00ebrfaq\u00ebsimi n\u00eb funksion t\u00eb FA. Un\u00eb n\u00eb k\u00ebto pak muaj kam njohur nj\u00eb person q\u00eb, s\u00eb pari ka forc\u00ebn e karakterit si udh\u00ebrr\u00ebfyes n\u00eb mbrojtje t\u00eb interesave komb\u00ebtare, n\u00eb mbrojtje t\u00eb t\u00eb gjith\u00eb interesave t\u00eb ushtarak\u00ebve, t\u00eb familjar\u00ebve t\u00eb tyre dhe t\u00eb p\u00ebrmir\u00ebsimit t\u00eb gjithansh\u00ebm dhe t\u00eb modernizimit t\u00eb FA.\u201d \u2013 theksoi, gjat\u00eb fjal\u00ebs s\u00eb tij, ministri i Mbrojtjes.<\/p>\n\n\n\n<p>Teksa i uroi suksese n\u00eb vijim t\u00eb ushtrimit t\u00eb detyrave, ministri Vengu u shpreh se, gradimi i gjenerallejt\u00ebnant Kingjit p\u00ebrb\u00ebn edhe motivim p\u00ebr t\u00eb gjith\u00eb ushtarak\u00ebt e tjer\u00eb t\u00eb karrier\u00ebs, t\u00eb cil\u00ebt mund t\u00eb arrijn\u00eb p\u00ebrmes dedikimit, disiplin\u00ebs dhe vet\u00ebmohimit n\u00eb maj\u00ebn e karrierer\u00ebs ushtarake.<\/p>\n\n\n\n<p>\u201cDikush mund t\u00eb thot\u00eb q\u00eb sot kemi shum\u00eb gjeneral\u00eb dhe shum\u00eb pak ushtarak\u00eb. Un\u00eb nuk e besoj k\u00ebt\u00eb. Un\u00eb besoj q\u00eb gjeneral\u00ebt dhe oficer\u00ebt n\u00eb p\u00ebrgjith\u00ebsi jan\u00eb kapacitet komb\u00ebtar dhe duhet t\u2019u ofrojm\u00eb mund\u00ebsin\u00eb, q\u00eb qofshin aktiv\u00eb apo rezervist\u00eb, t\u00eb ken\u00eb nj\u00eb kontribut t\u00eb vazhduesh\u00ebm n\u00eb funksione shtet\u00ebrore.\u201d-u shpreh Ministri Vengu, duke shtuar se buxheti i vitit 2025 \u00ebsht\u00eb m\u00eb dometh\u00ebn\u00ebsi i k\u00ebtyre dy dekadave t\u00eb fundit, q\u00eb siguron q\u00eb karriera ushtarake t\u00eb jet\u00eb forc\u00eb t\u00ebrheq\u00ebse p\u00ebr shum\u00eb t\u00eb rinj.<\/p>\n\n\n\n<p>Nga ana e tij, gjenerallejt\u00ebnant Arben Kingji shprehu mir\u00ebnjohjen p\u00ebr vler\u00ebsimin e b\u00ebr\u00eb nga ministri i Mbrojtjes, kryeministri e presidenti, por pati edhe nj\u00eb falenderim p\u00ebr t\u00eb gjith\u00eb efektiv\u00ebt e FA.<br>\u201cFalenderim i ve\u00e7ant\u00eb shkon p\u00ebr t\u00eb gjith\u00eb ushtar\u00ebt, n\u00ebnoficer\u00ebt dhe oficer\u00ebt, me t\u00eb cil\u00ebt kam qen\u00eb bashk\u00eb n\u00eb realizmin e nj\u00eb s\u00ebr\u00eb detyrave, duke pasur parasysh se pas viteve \u201990, FA kan\u00eb kaluar nj\u00eb s\u00ebr\u00eb sfidash, etapash, procesesh, si\u00e7 jan\u00eb modernizimi dhe reformimi, t\u00eb cilat pa ndihm\u00ebn e tyre nuk do t\u00eb realizohej kjo q\u00eb jemi sot, institucioni m\u00eb dinjitoz dhe m\u00eb korrekt, n\u00eb t\u00eb cilin ne sh\u00ebrbejm\u00eb.\u201d \u2013 u shpreh shefi i Shtabit t\u00eb P\u00ebrgjithsh\u00ebm t\u00eb FA, i cili vuri theksin edhe te veNdimet e fundit t\u00eb qeveris\u00eb sa i p\u00ebrket trajtimit m\u00eb dinjitoz t\u00eb t\u00eb gjith\u00eb personelit t\u00eb FA.<\/p>\n\n\n\n<p><\/p>\n\n\n\n<p><\/p>\n\n\n\n<p><\/p>\n","protected":false},"excerpt":{"rendered":"<p>N\u00eb nj\u00eb ceremoni t\u00eb ve\u00e7ant\u00eb, shefi i Shtabit t\u00eb P\u00ebrgjithsh\u00ebm Arben Kingji u gradua si gjenerallejt\u00ebnant, pas dekretit t\u00eb miratuar nga presidenti i Republik\u00ebs. Kjo grad\u00eb, gjenerallejt\u00ebnant Kingjit iu dor\u00ebzua nga ministri i Mbrojtjes z.Piro Vengu. N\u00eb fjal\u00ebn e tij p\u00ebrsh\u00ebndet\u00ebse, ministri Vengu vler\u00ebsoi gjenerallejt\u00ebnant Kingjin, si nj\u00eb gjeneral q\u00eb \u00ebsht\u00eb ngritur n\u00eb karrier\u00eb duke &hellip;<\/p>\n","protected":false},"author":1,"featured_media":20672,"comment_status":"closed","ping_status":"closed","sticky":false,"template":"","format":"standard","meta":{"_jetpack_memberships_contains_paid_content":false,"footnotes":""},"categories":[4],"tags":[],"jetpack_sharing_enabled":true,"jetpack_featured_media_url":"https:\/\/voranews.al\/wp-content\/uploads\/2024\/12\/IMG_0892.jpeg","_links":{"self":[{"href":"https:\/\/voranews.al\/index.php?rest_route=\/wp\/v2\/posts\/20671"}],"collection":[{"href":"https:\/\/voranews.al\/index.php?rest_route=\/wp\/v2\/posts"}],"about":[{"href":"https:\/\/voranews.al\/index.php?rest_route=\/wp\/v2\/types\/post"}],"author":[{"embeddable":true,"href":"https:\/\/voranews.al\/index.php?rest_route=\/wp\/v2\/users\/1"}],"replies":[{"embeddable":true,"href":"https:\/\/voranews.al\/index.php?rest_route=%2Fwp%2Fv2%2Fcomments&post=20671"}],"version-history":[{"count":1,"href":"https:\/\/voranews.al\/index.php?rest_route=\/wp\/v2\/posts\/20671\/revisions"}],"predecessor-version":[{"id":20673,"href":"https:\/\/voranews.al\/index.php?rest_route=\/wp\/v2\/posts\/20671\/revisions\/20673"}],"wp:featuredmedia":[{"embeddable":true,"href":"https:\/\/voranews.al\/index.php?rest_route=\/wp\/v2\/media\/20672"}],"wp:attachment":[{"href":"https:\/\/voranews.al\/index.php?rest_route=%2Fwp%2Fv2%2Fmedia&parent=20671"}],"wp:term":[{"taxonomy":"category","embeddable":true,"href":"https:\/\/voranews.al\/index.php?rest_route=%2Fwp%2Fv2%2Fcategories&post=20671"},{"taxonomy":"post_tag","embeddable":true,"href":"https:\/\/voranews.al\/index.php?rest_route=%2Fwp%2Fv2%2Ftags&post=20671"}],"curies":[{"name":"wp","href":"https:\/\/api.w.org\/{rel}","templated":true}]}}