{"id":20856,"date":"2025-01-08T16:08:15","date_gmt":"2025-01-08T15:08:15","guid":{"rendered":"https:\/\/voranews.al\/?p=20856"},"modified":"2025-01-08T16:08:18","modified_gmt":"2025-01-08T15:08:18","slug":"shijak-kryebashkiaku-arbana-fushate-pastrimi-intensiv","status":"publish","type":"post","link":"https:\/\/voranews.al\/?p=20856","title":{"rendered":"Shijak : Kryebashkiaku Arbana: Fushat\u00eb pastrimi intensiv"},"content":{"rendered":"\n<p>Kryebashkiaku Arbana: Fushat\u00eb pastrimi intensiv n\u00eb Shijak.<\/p>\n\n\n\n<p>Gjat\u00eb dit\u00ebve t\u00eb fundit bashkia e Shijakut me grupet e pun\u00ebs s\u00eb mir\u00ebmbajtjes kan\u00eb realizuar nj\u00eb fushat\u00eb pastrimi rr\u00ebnj\u00ebsore n\u00eb Shijak dhe po vijojn\u00eb dhe n\u00eb Nj\u00ebsit\u00eb Administrative.<\/p>\n\n\n\n<p>Jan\u00eb pastruar rrug\u00ebt, hap\u00ebsirat publike dhe koshat e mbeturinave, p\u00ebr t\u00eb pasur nj\u00eb qytet sa m\u00eb t\u00eb past\u00ebr dhe m\u00eb t\u00eb sh\u00ebndetsh\u00ebm.<\/p>\n\n\n\n<p>Z. Elton Arbana shprehet se p\u00ebrve\u00e7 pun\u00ebs s\u00eb Bashkis\u00eb \u00ebsht\u00eb i domosdosh\u00ebm dhe bashk\u00ebpunimi me qytetar\u00ebt dhe sensibilizimi i tyre p\u00ebr t&#8217;i hedhur mbeturinat n\u00eb vendet e duhura.<\/p>\n\n\n\n<figure class=\"wp-block-embed is-provider-facebook wp-block-embed-facebook\"><div class=\"wp-block-embed__wrapper\">\nhttps:\/\/www.facebook.com\/share\/p\/17ZZpgYncU\/?mibextid=wwXIfr\n<\/div><\/figure>\n","protected":false},"excerpt":{"rendered":"<p>Kryebashkiaku Arbana: Fushat\u00eb pastrimi intensiv n\u00eb Shijak. Gjat\u00eb dit\u00ebve t\u00eb fundit bashkia e Shijakut me grupet e pun\u00ebs s\u00eb mir\u00ebmbajtjes kan\u00eb realizuar nj\u00eb fushat\u00eb pastrimi rr\u00ebnj\u00ebsore n\u00eb Shijak dhe po vijojn\u00eb dhe n\u00eb Nj\u00ebsit\u00eb Administrative. Jan\u00eb pastruar rrug\u00ebt, hap\u00ebsirat publike dhe koshat e mbeturinave, p\u00ebr t\u00eb pasur nj\u00eb qytet sa m\u00eb t\u00eb past\u00ebr dhe m\u00eb &hellip;<\/p>\n","protected":false},"author":1,"featured_media":20857,"comment_status":"closed","ping_status":"closed","sticky":false,"template":"","format":"standard","meta":{"_jetpack_memberships_contains_paid_content":false,"footnotes":""},"categories":[4],"tags":[],"jetpack_sharing_enabled":true,"jetpack_featured_media_url":"https:\/\/voranews.al\/wp-content\/uploads\/2025\/01\/77a9f4ab-7d9f-49b4-ad4e-4f38b2f50411.jpeg","_links":{"self":[{"href":"https:\/\/voranews.al\/index.php?rest_route=\/wp\/v2\/posts\/20856"}],"collection":[{"href":"https:\/\/voranews.al\/index.php?rest_route=\/wp\/v2\/posts"}],"about":[{"href":"https:\/\/voranews.al\/index.php?rest_route=\/wp\/v2\/types\/post"}],"author":[{"embeddable":true,"href":"https:\/\/voranews.al\/index.php?rest_route=\/wp\/v2\/users\/1"}],"replies":[{"embeddable":true,"href":"https:\/\/voranews.al\/index.php?rest_route=%2Fwp%2Fv2%2Fcomments&post=20856"}],"version-history":[{"count":1,"href":"https:\/\/voranews.al\/index.php?rest_route=\/wp\/v2\/posts\/20856\/revisions"}],"predecessor-version":[{"id":20858,"href":"https:\/\/voranews.al\/index.php?rest_route=\/wp\/v2\/posts\/20856\/revisions\/20858"}],"wp:featuredmedia":[{"embeddable":true,"href":"https:\/\/voranews.al\/index.php?rest_route=\/wp\/v2\/media\/20857"}],"wp:attachment":[{"href":"https:\/\/voranews.al\/index.php?rest_route=%2Fwp%2Fv2%2Fmedia&parent=20856"}],"wp:term":[{"taxonomy":"category","embeddable":true,"href":"https:\/\/voranews.al\/index.php?rest_route=%2Fwp%2Fv2%2Fcategories&post=20856"},{"taxonomy":"post_tag","embeddable":true,"href":"https:\/\/voranews.al\/index.php?rest_route=%2Fwp%2Fv2%2Ftags&post=20856"}],"curies":[{"name":"wp","href":"https:\/\/api.w.org\/{rel}","templated":true}]}}