{"id":21024,"date":"2025-02-01T10:58:34","date_gmt":"2025-02-01T09:58:34","guid":{"rendered":"https:\/\/voranews.al\/?p=21024"},"modified":"2025-02-01T10:58:35","modified_gmt":"2025-02-01T09:58:35","slug":"intervista-kryebashkiaku-arbana-falenderon-qeverine-dhe-kryeministrin-rama-per-zhvillimin-e-shijakut-ne-keto-5-vite","status":"publish","type":"post","link":"https:\/\/voranews.al\/?p=21024","title":{"rendered":"Intervista\/ Kryebashkiaku Arbana falenderon qeverin\u00eb dhe Kryeministrin Rama p\u00ebr zhvillimin e Shijakut n\u00eb k\u00ebto 5 vite."},"content":{"rendered":"\n<p>Intervista\/ Kryebashkiaku Arbana falenderon qeverin\u00eb dhe Kryeministrin Rama p\u00ebr zhvillimin e Shijakut n\u00eb k\u00ebto 5 vite.<\/p>\n\n\n\n<ol>\n<li>P\u00ebrsh\u00ebndetje z.Arbana. Kur kalon n\u00eb Shijak vihen re t\u00eb gjitha pun\u00ebt q\u00eb po b\u00ebhen sa i takon investimeve n\u00eb qytet dhe fshatra. A mund t\u00eb na thoni konkretisht se cilat jan\u00eb projektet ku po punohet?<\/li>\n<\/ol>\n\n\n\n<p>P\u00ebrsh\u00ebndetje. Dua ta nis me lajmin e mir\u00eb, meq\u00eb jemi te kjo tem\u00eb, q\u00eb po mbajm\u00eb nj\u00eb premtim t\u00eb dh\u00ebn\u00eb dhe k\u00ebrkes\u00ebn e banor\u00ebve t\u00eb Shijakut duke sistemuar qendr\u00ebn e qytetit. Po punojm\u00eb gjithashtu me asfaltimin e &#8220;Kat\u00ebr rrug\u00ebve&#8221; dhe rrug\u00ebve rurale n\u00eb Nj\u00ebsit\u00eb Administrative Gjepalaj, Maminas, Xhafzotaj.<br>Gjith\u00eb k\u00ebto investime ndikojn\u00eb drejtp\u00ebrdrejt\u00eb n\u00eb leht\u00ebsimin e jet\u00ebs s\u00eb qytetar\u00ebve dhe bizneseve t\u00eb k\u00ebtyre zonave.<\/p>\n\n\n\n<ol start=\"2\">\n<li>Gjat\u00eb pun\u00ebs tuaj si kryetar bashkie n\u00eb Shijak jan\u00eb b\u00ebr\u00eb shum\u00eb investime. A ka bashkia buxhet p\u00ebr t\u00eb realizuar dhe pun\u00eb t\u00eb tjera q\u00eb lidhen me premtimet e dh\u00ebna p\u00ebr qytetar\u00ebt e Shijakut?<\/li>\n<\/ol>\n\n\n\n<p>Investimet m\u00eb t\u00eb m\u00ebdha jan\u00eb b\u00ebr\u00eb gjat\u00eb procesit t\u00eb rind\u00ebrtimit. T\u00eb vet\u00ebm nuk do ia dilnim dot. Kemi pasur dhe vazhdojn\u00eb t\u00eb kemi mb\u00ebshtetjen e Kryeministrit Rama dhe qeveris\u00eb shqiptare, fal\u00eb t\u00eb cil\u00ebve kemi ndryshuar jet\u00ebn e mij\u00ebra familjeve shijakase q\u00eb sot g\u00ebzojn\u00eb nj\u00eb sht\u00ebpi t\u00eb re, apo t\u00eb rikonstruktuar pas t\u00ebrmetit. F\u00ebmij\u00ebt shkojn\u00eb n\u00eb kopshte me kushte bashk\u00ebkohore, m\u00eb t\u00eb bukura dhe m\u00eb t\u00eb sigurta. Nx\u00ebn\u00ebsit studiojn\u00eb n\u00eb shkolla t\u00eb reja me t\u00eb gjitha kushtet. Shum\u00eb shpejt do t\u00eb ken\u00eb mund\u00ebsi t\u00eb aktivizohen me aktivitete t\u00eb ndryshme kulturore n\u00eb Qendr\u00ebn Kulturore Multifuksionale q\u00eb po p\u00ebrfundon nd\u00ebrtimin e saj.<br>Punimet q\u00eb po b\u00ebhen, jan\u00eb nga Fondi Shqiptar i Zhvillimit, t\u00eb cilat, disa prej tyre i ka nisur q\u00eb n\u00eb muajin qershor 2024. Si\u00e7 e p\u00ebrmenda dhe m\u00eb par\u00eb ka nisur sistemimi i qendr\u00ebs s\u00eb qytetit fal\u00eb investimit t\u00eb qeveris\u00eb dhe Kryeministrit.<\/p>\n\n\n\n<ol start=\"3\">\n<li>A d\u00ebgjohet z\u00ebri i banor\u00ebve t\u00eb Shijakut n\u00eb vendime t\u00eb caktuara q\u00eb merrni p\u00ebr qytetin?<\/li>\n<\/ol>\n\n\n\n<p>Patjet\u00ebr q\u00eb po! Shijakasit m\u00eb kan\u00eb votuar dhe i kan\u00eb besuar vizionit tim, Kryeministrit Rama dhe Partis\u00eb Socialiste. N\u00eb \u00e7do prag miratimi t\u00eb Buxhetit bashkia Shijak b\u00ebn d\u00ebgjesa publike dhe pyet\u00ebsor\u00eb, se ku duan qytetar\u00ebt q\u00eb ne t\u00eb investojm\u00eb, problematikat q\u00eb kan\u00eb etj.<br>Risi ishin D\u00ebgjesat online q\u00eb ne b\u00ebm\u00eb me shijakasit e diaspor\u00ebs. Bashk\u00ebpunimi me to \u00ebsht\u00eb i r\u00ebnd\u00ebsish\u00ebm p\u00ebr ne.<\/p>\n\n\n\n<ol start=\"4\">\n<li>Cilat jan\u00eb synimet e tua q\u00eb lidhen me zhvillimin e Shijakut?<br>Zhvillimi i qytetit vjen nga pun\u00eb t\u00eb vogla t\u00eb p\u00ebrditshme, p\u00ebrmes s\u00eb cilave ne p\u00ebrmir\u00ebsojm\u00eb infrastruktur\u00ebn dhe jet\u00ebn e p\u00ebrditshme t\u00eb banor\u00ebve.<br>Dua gjithashtu t\u00eb zhvillojm\u00eb fshatrat e Shijakut q\u00eb kan\u00eb nj\u00eb natyr\u00eb mbr\u00ebs\u00ebl\u00ebn\u00ebse, duke i dh\u00ebn\u00eb nj\u00eb nxitje agroturizmit. P\u00ebr k\u00ebt\u00eb plani yn\u00eb \u00ebsht\u00eb t\u00eb sistemojm\u00eb rrug\u00ebt rurale.<\/li>\n\n\n\n<li>A pati problememe n\u00eb Shijak, apo rrezik p\u00ebrmbytjeje nga reshjet e shiut t\u00eb disa dit\u00ebve m\u00eb par\u00eb?<\/li>\n<\/ol>\n\n\n\n<p>Jo nuk kemi patur. Ne nisim me pastrimin e pusetave dhe kanalizimeve n\u00eb muajt gusht, tetor dhe jav\u00ebn e par\u00eb t\u00eb dhjetorit. Nd\u00ebrkoh\u00eb q\u00eb jemi kujdesur vazhdimisht p\u00ebr argjinatur\u00ebn e lumit Erzen. E gjith\u00eb kjo ka dh\u00ebn\u00eb rezultat pozitiv duke mos krijuar rrezik p\u00ebrmbytje, gj\u00eb e cila para disa vitesh ka q\u00ebn\u00eb problem p\u00ebr shum\u00eb familje shijakase.<\/p>\n\n\n\n<ol start=\"7\">\n<li>Doja t\u00eb riktheheshim te Partia Socialiste dhe vizioni p\u00ebr Shqip\u00ebrin\u00eb 2030. Sa ndikon vizioni i Kryeministrit Rama n\u00eb Shijak?<\/li>\n<\/ol>\n\n\n\n<p>Shijakasit e din\u00eb shum\u00eb mir\u00eb q\u00eb fal\u00eb mb\u00ebshtetjes q\u00eb na ka dh\u00ebn\u00eb Kryeministri Rama ne kemi zhvilluar Shijakun n\u00eb shum\u00eb drejtime.<br>Duhet t\u00eb shohim me objektivitet zhvillimin e qytetit dhe t\u00eb mirat e pun\u00ebve t\u00eb realizuara. Sh\u00ebrbimet dhe pun\u00ebt ne i kryejm\u00eb p\u00ebr t\u00eb gjith\u00eb banor\u00ebt nj\u00eblloj. Kur b\u00ebhet fjal\u00eb p\u00ebr t\u00eb mir\u00ebn e p\u00ebrbashk\u00ebt mendoj se Partia Socialiste dhe Kryeministri Rama kan\u00eb mb\u00ebshtetur Shijakun, p\u00ebr k\u00ebt\u00eb duhet t&#8217;i japim mund\u00ebsin\u00eb n\u00eb 11 maj t\u00eb vazhdojm\u00eb p\u00ebrpara me vizionin p\u00ebr Shqip\u00ebrin\u00eb 2030 dhe ti besojm\u00eb vot\u00ebn PS dhe Kryeministrit Rama.<\/p>\n\n\n\n<ol start=\"8\">\n<li>Sot \u00ebsht\u00eb Kuvendi Komb\u00ebtar Rinor. \u00c7\u2019mund t\u00eb na thoni p\u00ebr p\u00ebrfshirjen e t\u00eb rinjve n\u00eb Partin\u00eb Socialiste?<\/li>\n<\/ol>\n\n\n\n<p>Un\u00eb vet\u00eb jam p\u00ebrfshir\u00eb n\u00eb rradh\u00ebn e t\u00eb rinjve q\u00eb e shikojn\u00eb politik\u00ebn si nj\u00eb mund\u00ebsi e shtuar q\u00eb t\u00eb b\u00ebjn\u00eb di\u00e7ka m\u00eb tep\u00ebr p\u00ebr komunitetin ku jetojn\u00eb.<br>Partia Socialiste \u00ebsht\u00eb e hapur p\u00ebr prurje t\u00eb reja. Jan\u00eb t\u00eb mir\u00ebpritur t\u00eb gjith\u00eb ata q\u00eb d\u00ebshirojn\u00eb t\u2019i bashkohen misionit t\u00eb familjes ton\u00eb politike, sepse vet\u00ebm Partia Socialiste sjell progresin e Shqip\u00ebris\u00eb.<\/p>\n\n\n\n<ol start=\"9\">\n<li>A keni n\u00eb plan investime t\u00eb tjera gjat\u00eb k\u00ebtij viti?<\/li>\n<\/ol>\n\n\n\n<p>Po! Puna jon\u00eb nuk ndalet! Kemi nj\u00eb projekt p\u00ebr argjinatur\u00ebn e lumit Erzen p\u00ebr ta kthyer n\u00eb sh\u00ebtitore.<br>Do t\u00eb kujdesemi p\u00ebr mjedise q\u00eb i sh\u00ebrbejn\u00eb mosh\u00ebs s\u00eb tret\u00eb q\u00eb t\u00eb kalojn\u00eb nj\u00eb pjes\u00eb t\u00eb dites s\u00eb tyre aty.<br>Kemi n\u00eb plan asfaltimin e rrug\u00ebve t\u00eb \u00e7do fshati.<br>Do nxisim pun\u00ebsimin e student\u00ebve t\u00eb diplomuar q\u00eb t\u00eb jetojn\u00eb n\u00eb Shijak.<br>Do t&#8217;i japim shijakasve nj\u00eb qend\u00ebr qyteti m\u00eb t\u00eb bukur dhe funksionale.<br>Me shembjen e godin\u00ebs s\u00eb vjet\u00ebr t\u00eb Pallatit t\u00eb Kultur\u00ebs iu hap rruga nd\u00ebrtimit t\u00eb nj\u00eb Xhamie t\u00eb madhe p\u00ebr gjith\u00eb komunitetin musliman.<br>Do t\u00eb kemi m\u00eb shum\u00eb projekte p\u00ebr t\u00eb rinjt\u00eb dhe aktivitete kulturore. Me pak fjal\u00eb, shum\u00eb gj\u00ebra t\u00eb bukura na presin n\u00eb Shijak, qytetin ton\u00eb t\u00eb zemr\u00ebs.<\/p>\n\n\n\n<ol start=\"10\">\n<li>N\u00eb p\u00ebrfundim t\u00eb intervist\u00ebs a keni nj\u00eb mesazh p\u00ebr t\u00eb dh\u00ebn\u00eb?<\/li>\n<\/ol>\n\n\n\n<p>Mesazhin e kam p\u00ebr shqiptar\u00ebt e diaspor\u00ebs dhe n\u00eb ve\u00e7anti p\u00ebr shijakasit kudo n\u00eb bot\u00eb. I b\u00ebj thirrje t\u00eb regjistrohen n\u00eb KQZ q\u00eb t\u00eb ken\u00eb mund\u00ebsi t\u00eb votojn\u00eb n\u00eb zgjedhjet e 11 majit. Vota e tyre \u00ebsht\u00eb z\u00ebri q\u00eb d\u00ebgjohet p\u00ebr t\u00eb ardhmen e Shqip\u00ebris\u00eb, p\u00ebr t\u00eb ardhmen dhe progresin e Shijakut. Ju falenderoj!<\/p>\n","protected":false},"excerpt":{"rendered":"<p>Intervista\/ Kryebashkiaku Arbana falenderon qeverin\u00eb dhe Kryeministrin Rama p\u00ebr zhvillimin e Shijakut n\u00eb k\u00ebto 5 vite. P\u00ebrsh\u00ebndetje z.Arbana. Kur kalon n\u00eb Shijak vihen re t\u00eb gjitha pun\u00ebt q\u00eb po b\u00ebhen sa i takon investimeve n\u00eb qytet dhe fshatra. A mund t\u00eb na thoni konkretisht se cilat jan\u00eb projektet ku po punohet? P\u00ebrsh\u00ebndetje. Dua ta nis &hellip;<\/p>\n","protected":false},"author":1,"featured_media":21025,"comment_status":"closed","ping_status":"closed","sticky":false,"template":"","format":"standard","meta":{"_jetpack_memberships_contains_paid_content":false,"footnotes":""},"categories":[4],"tags":[],"jetpack_sharing_enabled":true,"jetpack_featured_media_url":"https:\/\/voranews.al\/wp-content\/uploads\/2025\/02\/38b15832-bc1d-41ad-ac4c-05ac71ef410e.jpeg","_links":{"self":[{"href":"https:\/\/voranews.al\/index.php?rest_route=\/wp\/v2\/posts\/21024"}],"collection":[{"href":"https:\/\/voranews.al\/index.php?rest_route=\/wp\/v2\/posts"}],"about":[{"href":"https:\/\/voranews.al\/index.php?rest_route=\/wp\/v2\/types\/post"}],"author":[{"embeddable":true,"href":"https:\/\/voranews.al\/index.php?rest_route=\/wp\/v2\/users\/1"}],"replies":[{"embeddable":true,"href":"https:\/\/voranews.al\/index.php?rest_route=%2Fwp%2Fv2%2Fcomments&post=21024"}],"version-history":[{"count":1,"href":"https:\/\/voranews.al\/index.php?rest_route=\/wp\/v2\/posts\/21024\/revisions"}],"predecessor-version":[{"id":21026,"href":"https:\/\/voranews.al\/index.php?rest_route=\/wp\/v2\/posts\/21024\/revisions\/21026"}],"wp:featuredmedia":[{"embeddable":true,"href":"https:\/\/voranews.al\/index.php?rest_route=\/wp\/v2\/media\/21025"}],"wp:attachment":[{"href":"https:\/\/voranews.al\/index.php?rest_route=%2Fwp%2Fv2%2Fmedia&parent=21024"}],"wp:term":[{"taxonomy":"category","embeddable":true,"href":"https:\/\/voranews.al\/index.php?rest_route=%2Fwp%2Fv2%2Fcategories&post=21024"},{"taxonomy":"post_tag","embeddable":true,"href":"https:\/\/voranews.al\/index.php?rest_route=%2Fwp%2Fv2%2Ftags&post=21024"}],"curies":[{"name":"wp","href":"https:\/\/api.w.org\/{rel}","templated":true}]}}