{"id":21041,"date":"2025-02-03T10:47:51","date_gmt":"2025-02-03T09:47:51","guid":{"rendered":"https:\/\/voranews.al\/?p=21041"},"modified":"2025-02-03T10:47:52","modified_gmt":"2025-02-03T09:47:52","slug":"greqia-nuk-gjen-qetesi-lekundet-nga-nje-tjeter-termet-i-forte","status":"publish","type":"post","link":"https:\/\/voranews.al\/?p=21041","title":{"rendered":"Greqia nuk gjen qet\u00ebsi, l\u00ebkundet nga nj\u00eb tjet\u00ebr t\u00ebrmet i fort\u00eb"},"content":{"rendered":"\n<p>Greqia nuk po gjen qet\u00ebsi me t\u00ebrmetet e nj\u00ebpasnj\u00ebshme dhe q\u00eb kan\u00eb shkaktuar panik te banor\u00ebt.<\/p>\n\n\n\n<p>Nj\u00eb tjet\u00ebr t\u00ebrmet ka r\u00ebn\u00eb rreth or\u00ebs 10:00 t\u00eb m\u00ebngjesit, sipas koh\u00ebs lokale, me magnitud\u00eb 4.8 i shkall\u00ebs Rihter.<\/p>\n\n\n\n<p>T\u00ebrmeti ka r\u00ebn\u00eb n\u00eb Detin Egje midis Skyros dhe Alonissos. L\u00ebkundjet e forta jan\u00eb ndjer\u00eb edhe n\u00eb Athin\u00eb. Thell\u00ebsia e t\u00ebrmetit ka qen\u00eb 14.6 kilometra.<\/p>\n\n\n\n<p>Gjat\u00eb or\u00ebve t\u00eb fundit, ishulli i Santorinit \u00ebsht\u00eb n\u00eb alarm p\u00ebr shkak mbi 200 t\u00ebrmete kan\u00eb r\u00ebn\u00eb n\u00eb m\u00eb shum\u00eb se 24 or\u00eb. Kan\u00eb qen\u00eb ekspert\u00ebt dhe sizmiolog\u00ebt ata q\u00eb kan\u00eb paralajm\u00ebruar banor\u00ebt dhe kan\u00eb b\u00ebr\u00eb thirrje p\u00ebr kujdes, p\u00ebr shkak se n\u00eb at\u00eb zon\u00eb po ndodh nj\u00eb aktivitet i shtuar sizmik.<\/p>\n\n\n\n<p>Nd\u00ebrkoh\u00eb q\u00eb qeveria greke ka d\u00ebrguar n\u00eb ishull ekipe emergjencash n\u00eb ndihm\u00eb t\u00eb banor\u00ebve n\u00eb rast nevoje. Vet\u00eb&nbsp;<a href=\"https:\/\/tvklan.al\/termetet-ne-santorini-banoret-e-ishullit-e-kalojne-naten-jashte-autoritetet-ne-gatishmeri\" target=\"_blank\" rel=\"noreferrer noopener\">banor\u00ebt e Santorinit e kaluan nat\u00ebn jasht\u00eb&nbsp;<\/a>sht\u00ebpive, nd\u00ebrsa nj\u00eb pjes\u00eb e tyre kan\u00eb braktisur ishullin dhe jan\u00eb larguar.<\/p>\n","protected":false},"excerpt":{"rendered":"<p>Greqia nuk po gjen qet\u00ebsi me t\u00ebrmetet e nj\u00ebpasnj\u00ebshme dhe q\u00eb kan\u00eb shkaktuar panik te banor\u00ebt. Nj\u00eb tjet\u00ebr t\u00ebrmet ka r\u00ebn\u00eb rreth or\u00ebs 10:00 t\u00eb m\u00ebngjesit, sipas koh\u00ebs lokale, me magnitud\u00eb 4.8 i shkall\u00ebs Rihter. T\u00ebrmeti ka r\u00ebn\u00eb n\u00eb Detin Egje midis Skyros dhe Alonissos. L\u00ebkundjet e forta jan\u00eb ndjer\u00eb edhe n\u00eb Athin\u00eb. Thell\u00ebsia e &hellip;<\/p>\n","protected":false},"author":1,"featured_media":20850,"comment_status":"closed","ping_status":"closed","sticky":false,"template":"","format":"standard","meta":{"_jetpack_memberships_contains_paid_content":false,"footnotes":""},"categories":[38],"tags":[],"jetpack_sharing_enabled":true,"jetpack_featured_media_url":"https:\/\/voranews.al\/wp-content\/uploads\/2025\/01\/IMG_1140.jpeg","_links":{"self":[{"href":"https:\/\/voranews.al\/index.php?rest_route=\/wp\/v2\/posts\/21041"}],"collection":[{"href":"https:\/\/voranews.al\/index.php?rest_route=\/wp\/v2\/posts"}],"about":[{"href":"https:\/\/voranews.al\/index.php?rest_route=\/wp\/v2\/types\/post"}],"author":[{"embeddable":true,"href":"https:\/\/voranews.al\/index.php?rest_route=\/wp\/v2\/users\/1"}],"replies":[{"embeddable":true,"href":"https:\/\/voranews.al\/index.php?rest_route=%2Fwp%2Fv2%2Fcomments&post=21041"}],"version-history":[{"count":1,"href":"https:\/\/voranews.al\/index.php?rest_route=\/wp\/v2\/posts\/21041\/revisions"}],"predecessor-version":[{"id":21042,"href":"https:\/\/voranews.al\/index.php?rest_route=\/wp\/v2\/posts\/21041\/revisions\/21042"}],"wp:featuredmedia":[{"embeddable":true,"href":"https:\/\/voranews.al\/index.php?rest_route=\/wp\/v2\/media\/20850"}],"wp:attachment":[{"href":"https:\/\/voranews.al\/index.php?rest_route=%2Fwp%2Fv2%2Fmedia&parent=21041"}],"wp:term":[{"taxonomy":"category","embeddable":true,"href":"https:\/\/voranews.al\/index.php?rest_route=%2Fwp%2Fv2%2Fcategories&post=21041"},{"taxonomy":"post_tag","embeddable":true,"href":"https:\/\/voranews.al\/index.php?rest_route=%2Fwp%2Fv2%2Ftags&post=21041"}],"curies":[{"name":"wp","href":"https:\/\/api.w.org\/{rel}","templated":true}]}}