{"id":21345,"date":"2025-03-11T10:10:31","date_gmt":"2025-03-11T09:10:31","guid":{"rendered":"https:\/\/voranews.al\/?p=21345"},"modified":"2025-03-11T10:10:33","modified_gmt":"2025-03-11T09:10:33","slug":"pas-veliajt-futet-ne-gjkko-edhe-avokati-i-tij-joshua-roberts-kerkojne-ndryshimin-e-mases","status":"publish","type":"post","link":"https:\/\/voranews.al\/?p=21345","title":{"rendered":"Pas Veliajt, futet n\u00eb GJKKO edhe avokati i tij Joshua Roberts! K\u00ebrkojn\u00eb ndryshimin e mas\u00ebs"},"content":{"rendered":"\n<p>Pak minuta pasi Erion Veliaj mb\u00ebrriti nga paraburgimi i Durr\u00ebsit n\u00eb Gjykat\u00ebn e Posa\u00e7me, \u00ebsht\u00eb par\u00eb t\u00eb futet n\u00eb k\u00ebt\u00eb institucion edhe avokati i tij amerikan Joshua Roberts.<\/p>\n\n\n\n<p>Veliaj ka k\u00ebrkuar n\u00eb Apelin e GJKKO q\u00eb t\u00eb zbutet masa e tij e dh\u00ebn\u00eb m\u00eb her\u00ebt, \u2018arrest me burg\u2019.<\/p>\n\n\n\n<p>Seanca do t\u00eb mbahet n\u00eb or\u00ebn 10:000, nd\u00ebrsa gjyqtari q\u00eb do ta drejtoj\u00eb do t\u00eb jet\u00eb ngert P\u00ebllumb<\/p>\n","protected":false},"excerpt":{"rendered":"<p>Pak minuta pasi Erion Veliaj mb\u00ebrriti nga paraburgimi i Durr\u00ebsit n\u00eb Gjykat\u00ebn e Posa\u00e7me, \u00ebsht\u00eb par\u00eb t\u00eb futet n\u00eb k\u00ebt\u00eb institucion edhe avokati i tij amerikan Joshua Roberts. Veliaj ka k\u00ebrkuar n\u00eb Apelin e GJKKO q\u00eb t\u00eb zbutet masa e tij e dh\u00ebn\u00eb m\u00eb her\u00ebt, \u2018arrest me burg\u2019. Seanca do t\u00eb mbahet n\u00eb or\u00ebn 10:000, &hellip;<\/p>\n","protected":false},"author":1,"featured_media":21346,"comment_status":"closed","ping_status":"closed","sticky":false,"template":"","format":"standard","meta":{"_jetpack_memberships_contains_paid_content":false,"footnotes":""},"categories":[4],"tags":[],"jetpack_sharing_enabled":true,"jetpack_featured_media_url":"https:\/\/voranews.al\/wp-content\/uploads\/2025\/03\/IMG_1699.webp","_links":{"self":[{"href":"https:\/\/voranews.al\/index.php?rest_route=\/wp\/v2\/posts\/21345"}],"collection":[{"href":"https:\/\/voranews.al\/index.php?rest_route=\/wp\/v2\/posts"}],"about":[{"href":"https:\/\/voranews.al\/index.php?rest_route=\/wp\/v2\/types\/post"}],"author":[{"embeddable":true,"href":"https:\/\/voranews.al\/index.php?rest_route=\/wp\/v2\/users\/1"}],"replies":[{"embeddable":true,"href":"https:\/\/voranews.al\/index.php?rest_route=%2Fwp%2Fv2%2Fcomments&post=21345"}],"version-history":[{"count":1,"href":"https:\/\/voranews.al\/index.php?rest_route=\/wp\/v2\/posts\/21345\/revisions"}],"predecessor-version":[{"id":21347,"href":"https:\/\/voranews.al\/index.php?rest_route=\/wp\/v2\/posts\/21345\/revisions\/21347"}],"wp:featuredmedia":[{"embeddable":true,"href":"https:\/\/voranews.al\/index.php?rest_route=\/wp\/v2\/media\/21346"}],"wp:attachment":[{"href":"https:\/\/voranews.al\/index.php?rest_route=%2Fwp%2Fv2%2Fmedia&parent=21345"}],"wp:term":[{"taxonomy":"category","embeddable":true,"href":"https:\/\/voranews.al\/index.php?rest_route=%2Fwp%2Fv2%2Fcategories&post=21345"},{"taxonomy":"post_tag","embeddable":true,"href":"https:\/\/voranews.al\/index.php?rest_route=%2Fwp%2Fv2%2Ftags&post=21345"}],"curies":[{"name":"wp","href":"https:\/\/api.w.org\/{rel}","templated":true}]}}