{"id":21351,"date":"2025-03-11T12:04:42","date_gmt":"2025-03-11T11:04:42","guid":{"rendered":"https:\/\/voranews.al\/?p=21351"},"modified":"2025-03-11T12:04:44","modified_gmt":"2025-03-11T11:04:44","slug":"cfare-po-ndodh-brenda-gjkko-gazetarja-jep-detaje-avokati-kerkon-qe-veliaj-te-dale-nga-burgu","status":"publish","type":"post","link":"https:\/\/voranews.al\/?p=21351","title":{"rendered":"\u00c7far\u00eb po ndodh brenda GJKKO?! Gazetarja jep detaje: Avokati k\u00ebrkon q\u00eb Veliaj t\u00eb dal\u00eb nga burgu"},"content":{"rendered":"\n<p>N\u00eb Apelin e GJKKO zhvillohet seanca e ankimit t\u00eb Erion Veliajt, i cili k\u00ebrkon lirimin nga qelia.<\/p>\n\n\n\n<figure class=\"wp-block-image\"><img decoding=\"async\" src=\"https:\/\/ads.adsense.al\/www\/delivery\/lg.php?bannerid=0&amp;campaignid=0&amp;zoneid=145&amp;loc=https%3A%2F%2Fboldnews.al%2F2025%2F03%2F11%2Fcfare-po-ndodh-brenda-gjkko-gazetarja-jep-detaje-avokati-kerkon-qe-veliaj-te-dale-nga-burgu%2F%3Ffbclid%3DIwZXh0bgNhZW0CMTEAAR3NVAEHYi2jS_QVb_Am1bB_rKq0m8EmDsFn_Ic3xexy3JsAve7wRbtR-Ss_aem_1wVnh07AByPe-J31TuL8FQ&amp;referer=http%3A%2F%2Fm.facebook.com%2F&amp;cb=d4634bada7\" alt=\"\"\/><\/figure>\n\n\n\n<p>Gazetarja Klodiana Lala ka dh\u00ebn\u00eb detaje, nd\u00ebrsa thot\u00eb se avokati i kryetarit t\u00eb bashkis\u00eb, Ermir Beta ka k\u00ebrkuar q\u00eb masa ndaj Veliajt t\u00eb shfuqizohet.<\/p>\n\n\n\n<p>Burime nga brenda seanc\u00ebs b\u00ebjn\u00eb me dije se avokati i Veliajt, Ermir Beta \u00ebsht\u00eb duke b\u00ebr\u00eb parashtrimet dhe duke k\u00ebmb\u00ebngulur q\u00eb kjo mas\u00eb sigurie t\u00eb shfuqizohet dhe se Veliajt t\u2019i jepet mund\u00ebsia t\u00eb dal\u00eb nga paraburgimi.<\/p>\n\n\n\n<p>Avokati ka th\u00ebn\u00eb se Veliaj nuk ka asnj\u00eb rrezik t\u00eb prish\u00eb provat apo t\u2019i d\u00ebmtoj\u00eb ato si dhe as t\u00eb intimidoj\u00eb d\u00ebshmitar\u00ebt.<\/p>\n","protected":false},"excerpt":{"rendered":"<p>N\u00eb Apelin e GJKKO zhvillohet seanca e ankimit t\u00eb Erion Veliajt, i cili k\u00ebrkon lirimin nga qelia. Gazetarja Klodiana Lala ka dh\u00ebn\u00eb detaje, nd\u00ebrsa thot\u00eb se avokati i kryetarit t\u00eb bashkis\u00eb, Ermir Beta ka k\u00ebrkuar q\u00eb masa ndaj Veliajt t\u00eb shfuqizohet. Burime nga brenda seanc\u00ebs b\u00ebjn\u00eb me dije se avokati i Veliajt, Ermir Beta \u00ebsht\u00eb &hellip;<\/p>\n","protected":false},"author":1,"featured_media":21352,"comment_status":"closed","ping_status":"closed","sticky":false,"template":"","format":"standard","meta":{"_jetpack_memberships_contains_paid_content":false,"footnotes":""},"categories":[4],"tags":[],"jetpack_sharing_enabled":true,"jetpack_featured_media_url":"https:\/\/voranews.al\/wp-content\/uploads\/2025\/03\/IMG_1701.jpeg","_links":{"self":[{"href":"https:\/\/voranews.al\/index.php?rest_route=\/wp\/v2\/posts\/21351"}],"collection":[{"href":"https:\/\/voranews.al\/index.php?rest_route=\/wp\/v2\/posts"}],"about":[{"href":"https:\/\/voranews.al\/index.php?rest_route=\/wp\/v2\/types\/post"}],"author":[{"embeddable":true,"href":"https:\/\/voranews.al\/index.php?rest_route=\/wp\/v2\/users\/1"}],"replies":[{"embeddable":true,"href":"https:\/\/voranews.al\/index.php?rest_route=%2Fwp%2Fv2%2Fcomments&post=21351"}],"version-history":[{"count":1,"href":"https:\/\/voranews.al\/index.php?rest_route=\/wp\/v2\/posts\/21351\/revisions"}],"predecessor-version":[{"id":21353,"href":"https:\/\/voranews.al\/index.php?rest_route=\/wp\/v2\/posts\/21351\/revisions\/21353"}],"wp:featuredmedia":[{"embeddable":true,"href":"https:\/\/voranews.al\/index.php?rest_route=\/wp\/v2\/media\/21352"}],"wp:attachment":[{"href":"https:\/\/voranews.al\/index.php?rest_route=%2Fwp%2Fv2%2Fmedia&parent=21351"}],"wp:term":[{"taxonomy":"category","embeddable":true,"href":"https:\/\/voranews.al\/index.php?rest_route=%2Fwp%2Fv2%2Fcategories&post=21351"},{"taxonomy":"post_tag","embeddable":true,"href":"https:\/\/voranews.al\/index.php?rest_route=%2Fwp%2Fv2%2Ftags&post=21351"}],"curies":[{"name":"wp","href":"https:\/\/api.w.org\/{rel}","templated":true}]}}