{"id":21640,"date":"2025-04-14T17:58:58","date_gmt":"2025-04-14T16:58:58","guid":{"rendered":"https:\/\/voranews.al\/?p=21640"},"modified":"2025-04-14T17:58:59","modified_gmt":"2025-04-14T16:58:59","slug":"dita-perkujtimore-e-te-mbijetuarve-te-dhunes-seksuale-gjate-luftes-ne-kosove-reagon-kryetarja-e-kuvendit-elisa-spiropali","status":"publish","type":"post","link":"https:\/\/voranews.al\/?p=21640","title":{"rendered":"Dita P\u00ebrkujtimore e t\u00eb Mbijetuarve t\u00eb Dhun\u00ebs Seksuale gjat\u00eb Luft\u00ebs n\u00eb Kosov\u00eb: Reagon Kryetarja e Kuvendit Elisa Spiropali"},"content":{"rendered":"\n<p>Kryetarja e Kuvendit, Elisa Spiropali, ka reaguar sot n\u00eb Dit\u00ebn P\u00ebrkujtimore t\u00eb t\u00eb Mbijetuarve t\u00eb Dhun\u00ebs Seksuale gjat\u00eb Luft\u00ebs n\u00eb Kosov\u00eb.<\/p>\n\n\n\n<p>\u201cSot, n\u00eb 14 prill, n\u00eb Dit\u00ebn P\u00ebrkujtimore t\u00eb t\u00eb Mbijetuarve t\u00eb Dhun\u00ebs Seksuale gjat\u00eb Luft\u00ebs n\u00eb Kosov\u00eb, mendimet tona shkojn\u00eb te 20 mij\u00eb grat\u00eb a vajzat, viktima t\u00eb k\u00ebtyre akteve \u00e7njer\u00ebzore.<\/p>\n\n\n\n<figure class=\"wp-block-image\"><img decoding=\"async\" src=\"https:\/\/ads.adsense.al\/www\/delivery\/lg.php?bannerid=0&amp;campaignid=0&amp;zoneid=72&amp;loc=https%3A%2F%2Ffaxweb.al%2Fdita-perkujtimore-e-te-mbijetuarve-te-dhunes-seksuale-gjate-luftes-ne-kosove-reagon-kryetarja-e-kuvendit-elisa-spiropali%2F&amp;referer=https%3A%2F%2Ffaxweb.al%2F&amp;cb=d12df2f35c\" alt=\"\"\/><\/figure>\n\n\n\n<figure class=\"wp-block-image\"><img decoding=\"async\" src=\"https:\/\/ads.adsense.al\/www\/delivery\/lg.php?bannerid=0&amp;campaignid=0&amp;zoneid=65&amp;loc=https%3A%2F%2Ffaxweb.al%2Fdita-perkujtimore-e-te-mbijetuarve-te-dhunes-seksuale-gjate-luftes-ne-kosove-reagon-kryetarja-e-kuvendit-elisa-spiropali%2F&amp;referer=https%3A%2F%2Ffaxweb.al%2F&amp;cb=f5b93682c5\" alt=\"\"\/><\/figure>\n\n\n\n<p>Por edhe te f\u00ebmij\u00ebt, djemt\u00eb e burrat q\u00eb e kan\u00eb vuajtur k\u00ebt\u00eb dhun\u00eb po me kaq dhimbje, por n\u00eb heshtje shurdhuese nga stigma e turp\u00ebrimit dhe mospranimit shoq\u00ebror.<\/p>\n\n\n\n<p>Pasojat e luftrave dhe konflikteve nuk jan\u00eb vet\u00ebm politike, ushtarake, shtet\u00ebrore apo etnike. Mizorit\u00eb e tyre len\u00eb pasoja e trauma p\u00ebr popullsin\u00eb civile, f\u00ebmij\u00eb, gra dhe qytetar\u00eb t\u00eb pafajsh\u00ebm, sepse zgjojn\u00eb instikte dhe inkurajojn\u00eb veprime barbare, mes tyre edhe dhun\u00ebn seksuale.<\/p>\n\n\n\n<p>Kam sot nj\u00eb mesazh p\u00ebr viktimat e dhun\u00ebs seksuale t\u00eb luft\u00ebs n\u00eb Kosov\u00eb dhe z\u00ebrat e guximsh\u00ebm q\u00eb jan\u00eb b\u00ebr\u00eb edhe z\u00eb i atyre q\u00eb nuk munden: Ju nuk jeni dhe nuk do t\u00eb jeni kurr\u00eb vet\u00ebm, sepse drita do ta mund\u00eb err\u00ebsir\u00ebn, e mira do ta mposht\u00eb t\u00eb keqen, e v\u00ebrteta do t\u00eb triumfoj\u00eb mbi heshtjen, drejt\u00ebsia do t\u00eb sundoj\u00eb mbi padrejt\u00ebsit\u00eb, paqja do t\u00eb largoj\u00eb tmerret e luft\u00ebs dhe liria do t\u00eb fitoj\u00eb mbi tiranin\u00eb.\u201d-shprehet Spiropali.<\/p>\n","protected":false},"excerpt":{"rendered":"<p>Kryetarja e Kuvendit, Elisa Spiropali, ka reaguar sot n\u00eb Dit\u00ebn P\u00ebrkujtimore t\u00eb t\u00eb Mbijetuarve t\u00eb Dhun\u00ebs Seksuale gjat\u00eb Luft\u00ebs n\u00eb Kosov\u00eb. \u201cSot, n\u00eb 14 prill, n\u00eb Dit\u00ebn P\u00ebrkujtimore t\u00eb t\u00eb Mbijetuarve t\u00eb Dhun\u00ebs Seksuale gjat\u00eb Luft\u00ebs n\u00eb Kosov\u00eb, mendimet tona shkojn\u00eb te 20 mij\u00eb grat\u00eb a vajzat, viktima t\u00eb k\u00ebtyre akteve \u00e7njer\u00ebzore. Por edhe te &hellip;<\/p>\n","protected":false},"author":1,"featured_media":21641,"comment_status":"closed","ping_status":"closed","sticky":false,"template":"","format":"standard","meta":{"_jetpack_memberships_contains_paid_content":false,"footnotes":""},"categories":[4],"tags":[],"jetpack_sharing_enabled":true,"jetpack_featured_media_url":"https:\/\/voranews.al\/wp-content\/uploads\/2025\/04\/Spiropali1-2-592x450-1-592x375-1.jpg","_links":{"self":[{"href":"https:\/\/voranews.al\/index.php?rest_route=\/wp\/v2\/posts\/21640"}],"collection":[{"href":"https:\/\/voranews.al\/index.php?rest_route=\/wp\/v2\/posts"}],"about":[{"href":"https:\/\/voranews.al\/index.php?rest_route=\/wp\/v2\/types\/post"}],"author":[{"embeddable":true,"href":"https:\/\/voranews.al\/index.php?rest_route=\/wp\/v2\/users\/1"}],"replies":[{"embeddable":true,"href":"https:\/\/voranews.al\/index.php?rest_route=%2Fwp%2Fv2%2Fcomments&post=21640"}],"version-history":[{"count":1,"href":"https:\/\/voranews.al\/index.php?rest_route=\/wp\/v2\/posts\/21640\/revisions"}],"predecessor-version":[{"id":21642,"href":"https:\/\/voranews.al\/index.php?rest_route=\/wp\/v2\/posts\/21640\/revisions\/21642"}],"wp:featuredmedia":[{"embeddable":true,"href":"https:\/\/voranews.al\/index.php?rest_route=\/wp\/v2\/media\/21641"}],"wp:attachment":[{"href":"https:\/\/voranews.al\/index.php?rest_route=%2Fwp%2Fv2%2Fmedia&parent=21640"}],"wp:term":[{"taxonomy":"category","embeddable":true,"href":"https:\/\/voranews.al\/index.php?rest_route=%2Fwp%2Fv2%2Fcategories&post=21640"},{"taxonomy":"post_tag","embeddable":true,"href":"https:\/\/voranews.al\/index.php?rest_route=%2Fwp%2Fv2%2Ftags&post=21640"}],"curies":[{"name":"wp","href":"https:\/\/api.w.org\/{rel}","templated":true}]}}