{"id":21646,"date":"2025-04-15T09:35:50","date_gmt":"2025-04-15T08:35:50","guid":{"rendered":"https:\/\/voranews.al\/?p=21646"},"modified":"2025-04-15T09:35:52","modified_gmt":"2025-04-15T08:35:52","slug":"ka-ardhur-te-pd-per-te-fituar-ca-para-lacivita-i-pergjigjet-ashper-edi-rames","status":"publish","type":"post","link":"https:\/\/voranews.al\/?p=21646","title":{"rendered":"Ka ardhur te PD p\u00ebr t\u00eb fituar ca para\u201d, LaCivita i p\u00ebrgjigjet ashp\u00ebr Edi Ram\u00ebs"},"content":{"rendered":"\n<p><br>Chris LaCivita i \u00ebsht\u00eb p\u00ebrgjigjur nga studio e emisionit Opinion, ironive ty\u00eb kryeministrit Edi Rama ndaj tij, duke th\u00ebn\u00eb se ka ardhur tek PD vet\u00ebm p\u00ebr t\u00eb \u201cfituar ca para\u201d.<\/p>\n\n\n\n<p>P\u00ebrgjigja e LaCivita ka qen\u00eb me akuza, duke u shprehur se kreu i qeveris\u00eb b\u00ebn ironi t\u00eb tilla pasi nuk mbulon dot d\u00ebshtimin e qeveris\u00eb s\u00eb tij prej 12 vitesh.<\/p>\n\n\n\n<p>Po ashtu, LaCivita thot\u00eb se nuk p\u00ebrfaq\u00ebson SHBA, por thekson se kurr\u00eb nuk do t\u00eb punonte kund\u00ebr agjend\u00ebs s\u00eb administrat\u00ebs Trump.<\/p>\n\n\n\n<p>Pjes\u00eb nga intervista<\/p>\n\n\n\n<p>Fevziu: Ka qen\u00eb vet\u00eb Kryeministri q\u00eb tha se keni ardhur p\u00ebr t\u00eb fituar ca para e m\u00eb pas do t\u00eb ktheni n\u00eb Shtetet e Bashkuara.<\/p>\n\n\n\n<p>LaCivita: Edi Rama e thot\u00eb k\u00ebt\u00eb gj\u00eb sepse nuk mbron dot 12 vitet e fundit si Kryeminist\u00ebr q\u00eb ka shkartuar \u00e7do gj\u00eb. Nuk ka asgj\u00eb p\u00ebr t\u00eb folur p\u00ebrve\u00e7 se d\u00ebshtimeve t\u00eb tij.<\/p>\n\n\n\n<p>Fevziu: Do ju pyes pyetjen e dyt\u00eb t\u00eb ndjeshme. A keni folur me administrat\u00ebn amerikane p\u00ebr pranin\u00eb tuaj k\u00ebtu?<\/p>\n\n\n\n<p>LaCivita: Jo. Nuk p\u00ebrfaq\u00ebsoj Shtetet e Bashkuara. Jam nj\u00eb individ privat. Nuk punoj p\u00ebr qeverin\u00eb. Jan\u00eb n\u00eb dijeni. Kurr\u00eb nuk do t\u00eb punoja kund\u00ebr agjend\u00ebs s\u00eb Presidentit n\u00ebp\u00ebr bot\u00eb. Por nuk kam nevoj\u00eb p\u00ebr lejen e ndokujt p\u00ebr t\u00eb b\u00ebr\u00eb at\u00eb q\u00eb jam duke b\u00ebr\u00eb. Jam k\u00ebtu p\u00ebr nj\u00eb pik\u00ebpamje politike. Angazhimi im dhe aft\u00ebsit\u00eb e mija q\u00eb t\u00eb sigurohemi q\u00eb partia demokratike do t\u00eb fitoj\u00eb.<\/p>\n","protected":false},"excerpt":{"rendered":"<p>Chris LaCivita i \u00ebsht\u00eb p\u00ebrgjigjur nga studio e emisionit Opinion, ironive ty\u00eb kryeministrit Edi Rama ndaj tij, duke th\u00ebn\u00eb se ka ardhur tek PD vet\u00ebm p\u00ebr t\u00eb \u201cfituar ca para\u201d. P\u00ebrgjigja e LaCivita ka qen\u00eb me akuza, duke u shprehur se kreu i qeveris\u00eb b\u00ebn ironi t\u00eb tilla pasi nuk mbulon dot d\u00ebshtimin e qeveris\u00eb &hellip;<\/p>\n","protected":false},"author":1,"featured_media":21647,"comment_status":"closed","ping_status":"closed","sticky":false,"template":"","format":"standard","meta":{"_jetpack_memberships_contains_paid_content":false,"footnotes":""},"categories":[4],"tags":[],"jetpack_sharing_enabled":true,"jetpack_featured_media_url":"https:\/\/voranews.al\/wp-content\/uploads\/2025\/04\/IMG_2063.jpeg","_links":{"self":[{"href":"https:\/\/voranews.al\/index.php?rest_route=\/wp\/v2\/posts\/21646"}],"collection":[{"href":"https:\/\/voranews.al\/index.php?rest_route=\/wp\/v2\/posts"}],"about":[{"href":"https:\/\/voranews.al\/index.php?rest_route=\/wp\/v2\/types\/post"}],"author":[{"embeddable":true,"href":"https:\/\/voranews.al\/index.php?rest_route=\/wp\/v2\/users\/1"}],"replies":[{"embeddable":true,"href":"https:\/\/voranews.al\/index.php?rest_route=%2Fwp%2Fv2%2Fcomments&post=21646"}],"version-history":[{"count":1,"href":"https:\/\/voranews.al\/index.php?rest_route=\/wp\/v2\/posts\/21646\/revisions"}],"predecessor-version":[{"id":21648,"href":"https:\/\/voranews.al\/index.php?rest_route=\/wp\/v2\/posts\/21646\/revisions\/21648"}],"wp:featuredmedia":[{"embeddable":true,"href":"https:\/\/voranews.al\/index.php?rest_route=\/wp\/v2\/media\/21647"}],"wp:attachment":[{"href":"https:\/\/voranews.al\/index.php?rest_route=%2Fwp%2Fv2%2Fmedia&parent=21646"}],"wp:term":[{"taxonomy":"category","embeddable":true,"href":"https:\/\/voranews.al\/index.php?rest_route=%2Fwp%2Fv2%2Fcategories&post=21646"},{"taxonomy":"post_tag","embeddable":true,"href":"https:\/\/voranews.al\/index.php?rest_route=%2Fwp%2Fv2%2Ftags&post=21646"}],"curies":[{"name":"wp","href":"https:\/\/api.w.org\/{rel}","templated":true}]}}