{"id":2166,"date":"2020-12-12T15:31:33","date_gmt":"2020-12-12T14:31:33","guid":{"rendered":"https:\/\/voranews.al\/?p=2166"},"modified":"2020-12-12T15:31:37","modified_gmt":"2020-12-12T14:31:37","slug":"rama-terroristet-e-boko-haramit-i-perdorin-femijet-si-kamikaze-shqiperia-streha-e-fundit-e-maskarallekut-te-politikes-opozitare","status":"publish","type":"post","link":"https:\/\/voranews.al\/?p=2166","title":{"rendered":"Rama: Terrorist\u00ebt e Boko Haramit i p\u00ebrdorin f\u00ebmij\u00ebt si kamikaz\u00eb, Shqip\u00ebria streha e fundit e maskarall\u00ebkut t\u00eb politik\u00ebs opozitare"},"content":{"rendered":"\n<p>Kryeministri Edi Rama ka reaguar n\u00eb lidhje me momentet e tensionit sot n\u00eb Shkod\u00ebr, ku protestuesit iu sul\u00ebn godin\u00ebs s\u00eb selis\u00eb s\u00eb PS ku shkat\u00ebrruan thuajse gjith\u00e7ka. P\u00ebrmes nj\u00eb postimi n\u00eb Twitter, teksa ka publikuar dhe video nga momenti, kreu i qeveris\u00eb e shigjeton k\u00ebt\u00eb protest\u00eb si partiake, pasi iu drejtohet prind\u00ebrve demokrat\u00eb dhe opozitar\u00eb.<\/p>\n\n\n\n<p>Rama shton se; \u201cHistoria njeh disa raste kriminale me f\u00ebmij\u00ebt, por q\u00eb t\u00eb shfaqej n\u00eb Shqip\u00ebri si streha e fundit e maskarall\u00ebkut t\u00eb politik\u00ebs opozitare kjo \u00ebsht\u00eb tejet e dhimbshme!\u201d.<\/p>\n\n\n\n<p><strong>REAGIMI I RAM\u00cbS<\/strong><br>Uroj shum\u00eb dhe besoj fort se nuk ka prind demokrat e opozitar q\u00eb ta pranoj\u00eb k\u00ebt\u00eb abuzim ekstrem me kalamajt\u00eb t\u00eb udh\u00ebheq\u00ebsve pa atdhe, pa din e as iman, pa shpirt e as tru, t\u00eb k\u00ebsaj opozite t\u00eb mjer\u00eb n\u00eb boshll\u00ebkun e saj moral dhe karakterin e saj kriminal! Mos i harroni k\u00ebto kurr\u00eb! Terrorist\u00ebt e Boko Haramit i p\u00ebrdorin f\u00ebmij\u00ebt si kamikaz\u00eb, nuk jan\u00eb t\u00eb par\u00ebt n\u00eb radh\u00ebn e abuzuesve t\u00eb minoren\u00ebve! Historia njeh disa raste kriminale me f\u00ebmij\u00ebt, por q\u00eb t\u00eb shfaqej n\u00eb Shqip\u00ebri si streha e fundit e maskarall\u00ebkut t\u00eb politik\u00ebs opozitare kjo \u00ebsht\u00eb tejet e dhimbshme!<\/p>\n\n\n\n<figure class=\"wp-block-image size-large\"><img loading=\"lazy\" decoding=\"async\" width=\"500\" height=\"240\" src=\"https:\/\/voranews.al\/wp-content\/uploads\/2020\/12\/520B06F1-3550-4AC8-9773-D239ED423066-500x240.jpeg\" alt=\"\" class=\"wp-image-2167\" srcset=\"https:\/\/voranews.al\/wp-content\/uploads\/2020\/12\/520B06F1-3550-4AC8-9773-D239ED423066-500x240.jpeg 500w, https:\/\/voranews.al\/wp-content\/uploads\/2020\/12\/520B06F1-3550-4AC8-9773-D239ED423066-300x144.jpeg 300w, https:\/\/voranews.al\/wp-content\/uploads\/2020\/12\/520B06F1-3550-4AC8-9773-D239ED423066-768x369.jpeg 768w, https:\/\/voranews.al\/wp-content\/uploads\/2020\/12\/520B06F1-3550-4AC8-9773-D239ED423066.jpeg 1242w\" sizes=\"(max-width: 500px) 100vw, 500px\" \/><\/figure>\n","protected":false},"excerpt":{"rendered":"<p>Kryeministri Edi Rama ka reaguar n\u00eb lidhje me momentet e tensionit sot n\u00eb Shkod\u00ebr, ku protestuesit iu sul\u00ebn godin\u00ebs s\u00eb selis\u00eb s\u00eb PS ku shkat\u00ebrruan thuajse gjith\u00e7ka. P\u00ebrmes nj\u00eb postimi n\u00eb Twitter, teksa ka publikuar dhe video nga momenti, kreu i qeveris\u00eb e shigjeton k\u00ebt\u00eb protest\u00eb si partiake, pasi iu drejtohet prind\u00ebrve demokrat\u00eb dhe opozitar\u00eb. &hellip;<\/p>\n","protected":false},"author":1,"featured_media":2168,"comment_status":"closed","ping_status":"closed","sticky":true,"template":"","format":"standard","meta":{"_jetpack_memberships_contains_paid_content":false,"footnotes":""},"categories":[4],"tags":[],"jetpack_sharing_enabled":true,"jetpack_featured_media_url":"https:\/\/voranews.al\/wp-content\/uploads\/2020\/12\/D81E92DB-97C6-47AD-B298-5B147988B56D.jpeg","_links":{"self":[{"href":"https:\/\/voranews.al\/index.php?rest_route=\/wp\/v2\/posts\/2166"}],"collection":[{"href":"https:\/\/voranews.al\/index.php?rest_route=\/wp\/v2\/posts"}],"about":[{"href":"https:\/\/voranews.al\/index.php?rest_route=\/wp\/v2\/types\/post"}],"author":[{"embeddable":true,"href":"https:\/\/voranews.al\/index.php?rest_route=\/wp\/v2\/users\/1"}],"replies":[{"embeddable":true,"href":"https:\/\/voranews.al\/index.php?rest_route=%2Fwp%2Fv2%2Fcomments&post=2166"}],"version-history":[{"count":1,"href":"https:\/\/voranews.al\/index.php?rest_route=\/wp\/v2\/posts\/2166\/revisions"}],"predecessor-version":[{"id":2169,"href":"https:\/\/voranews.al\/index.php?rest_route=\/wp\/v2\/posts\/2166\/revisions\/2169"}],"wp:featuredmedia":[{"embeddable":true,"href":"https:\/\/voranews.al\/index.php?rest_route=\/wp\/v2\/media\/2168"}],"wp:attachment":[{"href":"https:\/\/voranews.al\/index.php?rest_route=%2Fwp%2Fv2%2Fmedia&parent=2166"}],"wp:term":[{"taxonomy":"category","embeddable":true,"href":"https:\/\/voranews.al\/index.php?rest_route=%2Fwp%2Fv2%2Fcategories&post=2166"},{"taxonomy":"post_tag","embeddable":true,"href":"https:\/\/voranews.al\/index.php?rest_route=%2Fwp%2Fv2%2Ftags&post=2166"}],"curies":[{"name":"wp","href":"https:\/\/api.w.org\/{rel}","templated":true}]}}