{"id":21667,"date":"2025-04-16T14:58:44","date_gmt":"2025-04-16T13:58:44","guid":{"rendered":"https:\/\/voranews.al\/?p=21667"},"modified":"2025-04-16T14:58:44","modified_gmt":"2025-04-16T13:58:44","slug":"pd-do-ofroje-drejtesi-per-qytetaret-pas-11-majit-jorida-tabaku-reagon-ndaj-vendimit-per-inceneratorin","status":"publish","type":"post","link":"https:\/\/voranews.al\/?p=21667","title":{"rendered":"\u201cPD do ofroj\u00eb drejt\u00ebsi p\u00ebr qytetar\u00ebt pas 11 Majit\u201d, Jorida Tabaku reagon ndaj vendimit p\u00ebr inceneratorin"},"content":{"rendered":"\n<p>Deputetja e Partis\u00eb Demokratike, Jorida Tabaku, ka reaguar ashp\u00ebr ndaj vendimit t\u00eb fundit p\u00ebr inceneratorin e Tiran\u00ebs, duke e cil\u00ebsuar at\u00eb si nj\u00eb \u201cth\u00ebrrim\u00eb\u201d p\u00ebr ata q\u00eb e ideuan dhe e firmos\u00ebn k\u00ebt\u00eb projekt t\u00eb diskutuesh\u00ebm. Tabaku ka theksuar se ky vendim \u00ebsht\u00eb nj\u00eb mesazh p\u00ebr p\u00ebrgjegj\u00ebsin\u00eb q\u00eb duhet t\u00eb mbajn\u00eb ata q\u00eb e kan\u00eb n\u00ebnshkruar k\u00ebt\u00eb kontrat\u00eb.<\/p>\n\n\n\n<p><strong>Deklarata e deputetes s\u00eb PD, Jorida Tabaku:<\/strong><\/p>\n\n\n\n<figure class=\"wp-block-image\"><img decoding=\"async\" src=\"https:\/\/ads.adsense.al\/www\/delivery\/lg.php?bannerid=0&amp;campaignid=0&amp;zoneid=72&amp;loc=https%3A%2F%2Ffaxweb.al%2Fpd-do-ofroje-drejtesi-per-qytetaret-pas-11-majit-jorida-tabaku-reagon-ndaj-vendimit-per-inceneratorin%2F&amp;referer=https%3A%2F%2Ffaxweb.al%2F&amp;cb=2760830156\" alt=\"\"\/><\/figure>\n\n\n\n<figure class=\"wp-block-image\"><img decoding=\"async\" src=\"https:\/\/ads.adsense.al\/www\/delivery\/lg.php?bannerid=0&amp;campaignid=0&amp;zoneid=65&amp;loc=https%3A%2F%2Ffaxweb.al%2Fpd-do-ofroje-drejtesi-per-qytetaret-pas-11-majit-jorida-tabaku-reagon-ndaj-vendimit-per-inceneratorin%2F&amp;referer=https%3A%2F%2Ffaxweb.al%2F&amp;cb=ca0687a4e9\" alt=\"\"\/><\/figure>\n\n\n\n<p>Vendimi gjykat\u00ebs sot p\u00ebr \u00e7\u00ebshtjen e inceneratorit t\u00eb Tiran\u00ebs, \u00ebsht\u00eb nj\u00eb th\u00ebrrime n\u00eb p\u00ebrgjegj\u00ebsin\u00eb q\u00eb duhet t\u00eb ishin p\u00ebrpara drejt\u00ebsis\u00eb, kushdo q\u00eb e ka ideuar, konceptuar, miratuar dhe zbatuar, por nd\u00ebrkoh\u00eb vazhdon dhe paguan dhe sot e k\u00ebsaj dite \u00e7do dit\u00eb 88 mij\u00eb euro.<\/p>\n\n\n\n<p>P\u00ebrgjegj\u00ebsit e inceneratorit t\u00eb Tiran\u00ebs, ashtu si\u00e7 e ka faktuar dhe PD, n\u00ebp\u00ebrmjet komisionit hetimor t\u00eb incenerator\u00ebve, nisi nga kryeministri i vendit, Edi Rama i cili ka firmosur t\u00eb gjitha dosjet, por nj\u00ebkoh\u00ebsisht edhe vendimet p\u00ebr inceneratorin e Tiran\u00ebs.<\/p>\n\n\n\n<p>Engj\u00ebll Aga\u00e7i, personi p\u00ebrgjegj\u00ebs i cili ka krijuar t\u00eb gjith\u00eb infrastruktur\u00ebn ligjore, p\u00ebr t\u00eb mb\u00ebshtetur inceneratorin e Tiran\u00ebs.<\/p>\n\n\n\n<p>Erion Veliaj, i cili \u00ebsht\u00eb i pari q\u00eb n\u00ebn d\u00ebshmi ka shkelur ligjin duke firmosur nj\u00eb kontrat\u00eb pa miratimin e K\u00ebshillit Bashkiak t\u00eb Tiran\u00ebs dhe duke angazhuar 130 mln euro nga qytetar\u00ebt e Tiran\u00ebs.<\/p>\n\n\n\n<p>Arben Ahmetaj, i cili rezistoi, por m\u00eb pas pranoi p\u00ebr ti dh\u00ebn\u00eb dakord\u00ebsin\u00eb k\u00ebsaj kontrate.<\/p>\n\n\n\n<p>Damian Gjiknuri p\u00ebr mos nd\u00ebrprerje t\u00eb kontrat\u00ebs dhe p\u00ebrgjegj\u00ebs kryesor p\u00ebr zbatimin e saj.<\/p>\n\n\n\n<p>Belinda Balluku e cila kishte p\u00ebrgjegj\u00ebsin\u00eb p\u00ebr Nj\u00ebsin\u00eb e Zbatimit t\u00eb Projektit, p\u00ebr pagesat e p\u00ebrditshme t\u00eb inceneratorit.<\/p>\n\n\n\n<p>Lefter Koka, nj\u00ebkoh\u00ebsisht si iniciatori i ofert\u00ebs s\u00eb pa k\u00ebrkuar.<\/p>\n\n\n\n<p>Nj\u00eb s\u00ebr\u00eb zyrtar\u00ebsh t\u00eb nivelit t\u00eb dyt\u00eb, rreth 60 t\u00eb till\u00eb t\u00eb p\u00ebrfshir\u00eb n\u00eb vendimin p\u00ebr inceneratorin e Tiran\u00ebs.<\/p>\n\n\n\n<p>Partia Demokratike ka provuar se i gjith\u00eb projekti \u00ebsht\u00eb shkruar n\u00eb zyrat e tre personave, q\u00eb nuk kishin asnj\u00eb lidhje me incenerimin dhe djegien e mbetjeve, q\u00eb nuk e njihnin sektorin, q\u00eb nuk kishin absolutisht asnj\u00eb burim financiar p\u00ebr t\u00eb mb\u00ebshtetur k\u00ebt\u00eb projekt, dhe mor\u00ebn nj\u00eb kontrate prej 130 mln eurosh, dhe q\u00eb sot po shkon n\u00eb 390 mln euro, q\u00eb njihet si vjedhja m\u00eb e madhe e shekullit.<\/p>\n\n\n\n<p>Gjat\u00eb komisionit hetimor ne i hap\u00ebm dyert publikut p\u00ebr t\u00eb b\u00ebr\u00eb transparenc\u00eb dhe qytetar\u00ebt pan\u00eb se, inceneratori p\u00ebrve\u00e7 t\u00eb gjith\u00eb k\u00ebtyre pagesave q\u00eb vazhdojn\u00eb e b\u00ebhen deri m\u00eb sot, 100 mln euro kan\u00eb arritur deri dit\u00ebn e sotme.<\/p>\n\n\n\n<p>P\u00ebrve\u00e7 shkeljes s\u00eb ligjit, p\u00ebrve\u00e7 korrupsionit, p\u00ebrve\u00e7 p\u00ebrfshirjes politike, ai nuk ekziston.<\/p>\n\n\n\n<p>Dhe sot nd\u00ebrkoh\u00eb q\u00eb po flasim, plehrat e Tiran\u00ebs dergjen n\u00eb landfillin e Sharr\u00ebs, duke prodhuar jo vet\u00ebm ndotje p\u00ebr qytetar\u00ebt, por duke prodhuar dhe afer\u00ebn m\u00eb t\u00eb madhe, korruptive.<\/p>\n\n\n\n<p>Sot n\u00eb Sharr\u00eb \u00ebsht\u00eb instalacioni m\u00eb i madh i korrupsionit, por nd\u00ebrkoh\u00eb nga ana tjet\u00ebr \u00ebsht\u00eb edhe instalacioni i p\u00ebrfshirjes s\u00eb politik\u00ebs, me mafian e mbetjeve.<\/p>\n\n\n\n<p>Partia Demokratike nuk do t\u00eb resht\u00eb jo vet\u00ebm s\u00eb denoncuari k\u00ebt\u00eb afer\u00eb, ashtu si\u00e7 kemi b\u00ebr\u00eb. Rreth 12 padi sot jan\u00eb dor\u00ebzuar n\u00eb SPAK p\u00ebr inceneratorin e Tiran\u00ebs, mij\u00ebra faqe dokumente t\u00eb cilat provojn\u00eb p\u00ebrfshirjen e politik\u00ebs, krimit t\u00eb organizuar, mb\u00ebshtetjen politike q\u00eb i \u00ebsht\u00eb dh\u00ebn\u00eb k\u00ebtij projekti, dhe nj\u00ebkoh\u00ebsisht edhe p\u00ebrfshirjen e t\u00eb gjith\u00eb zyrtar\u00ebve, s\u00eb pari t\u00eb nivelit t\u00eb par\u00eb politik, nga kryeministri dhe ministrat, deri te kryetari i bashkis\u00eb dhe s\u00eb dyti t\u00eb gjith\u00eb zyrtar\u00ebve t\u00eb nivelit t\u00eb dyt\u00eb.<\/p>\n\n\n\n<p>Menj\u00ebher\u00eb pas 11 majit, Partia Demokratike do t\u00eb nd\u00ebrmarr\u00eb nj\u00eb reform\u00eb t\u00eb plot\u00eb n\u00eb t\u00eb gjitha kontratat publike duke nisur me inceneratorin e Tiran\u00ebs, duke reformuar jo vet\u00ebm sistemin e menaxhimit t\u00eb integruar t\u00eb mbetjeve, por t\u00eb gjith\u00eb sistemin me t\u00eb cilin sot, bashkia e Tiran\u00ebs s\u00eb pari dhe t\u00eb gjitha bashkit\u00eb e tjera, n\u00eb m\u00ebnyr\u00eb kriminale mbledhin taksat e rritura t\u00eb qytetar\u00ebve p\u00ebr pastrimin dhe i \u00e7ojn\u00eb ato tek inceneratori q\u00eb nuk ekziston.<\/p>\n\n\n\n<p>Kjo \u00e7\u00ebshtje do t\u00eb ket\u00eb drejt\u00ebsi, nj\u00eb dit\u00eb do t\u00eb ket\u00eb drejt\u00ebsi dhe k\u00ebt\u00eb drejt\u00ebsi do t\u00eb ua ofrojm\u00eb ne qytetar\u00ebve, p\u00ebr t\u00eb gjith\u00eb ato q\u00eb sot vazhdojn\u00eb e paguajn\u00eb taksat n\u00eb inceneratorin e korrupsionit, q\u00eb sot dergjet n\u00eb landfillin e Sharr\u00ebs.<\/p>\n","protected":false},"excerpt":{"rendered":"<p>Deputetja e Partis\u00eb Demokratike, Jorida Tabaku, ka reaguar ashp\u00ebr ndaj vendimit t\u00eb fundit p\u00ebr inceneratorin e Tiran\u00ebs, duke e cil\u00ebsuar at\u00eb si nj\u00eb \u201cth\u00ebrrim\u00eb\u201d p\u00ebr ata q\u00eb e ideuan dhe e firmos\u00ebn k\u00ebt\u00eb projekt t\u00eb diskutuesh\u00ebm. Tabaku ka theksuar se ky vendim \u00ebsht\u00eb nj\u00eb mesazh p\u00ebr p\u00ebrgjegj\u00ebsin\u00eb q\u00eb duhet t\u00eb mbajn\u00eb ata q\u00eb e kan\u00eb &hellip;<\/p>\n","protected":false},"author":1,"featured_media":21668,"comment_status":"closed","ping_status":"closed","sticky":false,"template":"","format":"standard","meta":{"_jetpack_memberships_contains_paid_content":false,"footnotes":""},"categories":[4],"tags":[],"jetpack_sharing_enabled":true,"jetpack_featured_media_url":"https:\/\/voranews.al\/wp-content\/uploads\/2025\/04\/jorida-tabaku-1024x564-1-750x375-1.jpeg","_links":{"self":[{"href":"https:\/\/voranews.al\/index.php?rest_route=\/wp\/v2\/posts\/21667"}],"collection":[{"href":"https:\/\/voranews.al\/index.php?rest_route=\/wp\/v2\/posts"}],"about":[{"href":"https:\/\/voranews.al\/index.php?rest_route=\/wp\/v2\/types\/post"}],"author":[{"embeddable":true,"href":"https:\/\/voranews.al\/index.php?rest_route=\/wp\/v2\/users\/1"}],"replies":[{"embeddable":true,"href":"https:\/\/voranews.al\/index.php?rest_route=%2Fwp%2Fv2%2Fcomments&post=21667"}],"version-history":[{"count":1,"href":"https:\/\/voranews.al\/index.php?rest_route=\/wp\/v2\/posts\/21667\/revisions"}],"predecessor-version":[{"id":21669,"href":"https:\/\/voranews.al\/index.php?rest_route=\/wp\/v2\/posts\/21667\/revisions\/21669"}],"wp:featuredmedia":[{"embeddable":true,"href":"https:\/\/voranews.al\/index.php?rest_route=\/wp\/v2\/media\/21668"}],"wp:attachment":[{"href":"https:\/\/voranews.al\/index.php?rest_route=%2Fwp%2Fv2%2Fmedia&parent=21667"}],"wp:term":[{"taxonomy":"category","embeddable":true,"href":"https:\/\/voranews.al\/index.php?rest_route=%2Fwp%2Fv2%2Fcategories&post=21667"},{"taxonomy":"post_tag","embeddable":true,"href":"https:\/\/voranews.al\/index.php?rest_route=%2Fwp%2Fv2%2Ftags&post=21667"}],"curies":[{"name":"wp","href":"https:\/\/api.w.org\/{rel}","templated":true}]}}