{"id":22127,"date":"2025-05-26T12:37:57","date_gmt":"2025-05-26T11:37:57","guid":{"rendered":"https:\/\/voranews.al\/?p=22127"},"modified":"2025-05-26T12:37:57","modified_gmt":"2025-05-26T11:37:57","slug":"berisha-mbron-tabakun-adriana-kalaja-ska-te-drejte-te-akuzoje-pa-fakte","status":"publish","type":"post","link":"https:\/\/voranews.al\/?p=22127","title":{"rendered":"Berisha mbron Tabakun: Adriana Kalaja s\u2019ka t\u00eb drejt\u00eb t\u00eb akuzoj\u00eb pa fakte"},"content":{"rendered":"\n<p>Sali Berisha i doli n\u00eb krah Jorida Tabakut, pas akuzave q\u00eb Adriana Kalaja ka b\u00ebr\u00eb ndaj saj.<\/p>\n\n\n\n<p>N\u00eb konferenc\u00ebn p\u00ebr gazetar\u00ebt, Berisha tha se Kalaja \u00ebsht\u00eb nj\u00eb luft\u00ebtare e madhe e liris\u00eb por nuk duhet t\u00eb akuzoj\u00eb pa fakte, nd\u00ebrsa vler\u00ebsoi edhe Jorida Tabakun.<\/p>\n\n\n\n<p>\u201cZonja Kalaja \u00ebsht\u00eb nj\u00eb luft\u00ebtare e vendosur, e guximshme q\u00eb n\u00eb 4 vite \u00ebsht\u00eb p\u00ebrballur direkt me krueministrin m\u00eb shum\u00eb se kushdo tjet\u00ebr. N\u00eb at\u00eb linj\u00ebn e saj q\u00eb beson se \u00ebsht\u00eb avokate, linj\u00ebn e drejt\u00ebsis\u00eb dhe padit\u00eb. Zonja Kalaja dhe cilido tjet\u00ebr qoft\u00eb n\u00eb vler\u00ebsimin tim, nuk ka t\u00eb drejt\u00eb pafakte t\u00eb akuzoj\u00eb ndonj\u00eb njeri.<\/p>\n\n\n\n<p>E treta, Sali Berisha \u00ebsht\u00eb shprehur p\u00ebr k\u00ebt\u00eb se zonja Tabaku ka b\u00ebr\u00eb nj\u00eb nga fushatat m\u00eb intensive si\u00e7 kam konstatuar. \u00c7do kandidat q\u00eb ka pretendime, t\u2019i verifikoj\u00eb. Pavar\u00ebsisht nga konsideratat q\u00eb kam, mbroj parimet baz\u00eb. Ai q\u00eb ka dyshime dhe t\u2019i faktoj\u00eb pa pasur asnj\u00eb penges\u00eb n\u00eb sigurimin e dokumentacionit. Jan\u00eb disa nuk \u00ebsht\u00eb vet\u00ebm zonja Kalaja. Nuk jemi parti tu themi mos hap kutit\u00eb, at\u00eb nuk e themi kurr\u00eb. K\u00ebrko t\u00eb drejt\u00ebn t\u00ebnde, ky \u00ebsht\u00eb parimi im\u201d-u shpreh Berisha.<\/p>\n\n\n\n<p>Lajmi n\u00eb p\u00ebrdit\u00ebsim\u2026<\/p>\n","protected":false},"excerpt":{"rendered":"<p>Sali Berisha i doli n\u00eb krah Jorida Tabakut, pas akuzave q\u00eb Adriana Kalaja ka b\u00ebr\u00eb ndaj saj. N\u00eb konferenc\u00ebn p\u00ebr gazetar\u00ebt, Berisha tha se Kalaja \u00ebsht\u00eb nj\u00eb luft\u00ebtare e madhe e liris\u00eb por nuk duhet t\u00eb akuzoj\u00eb pa fakte, nd\u00ebrsa vler\u00ebsoi edhe Jorida Tabakun. \u201cZonja Kalaja \u00ebsht\u00eb nj\u00eb luft\u00ebtare e vendosur, e guximshme q\u00eb n\u00eb &hellip;<\/p>\n","protected":false},"author":1,"featured_media":22128,"comment_status":"closed","ping_status":"","sticky":false,"template":"","format":"standard","meta":{"_jetpack_memberships_contains_paid_content":false,"footnotes":""},"categories":[4],"tags":[],"jetpack_sharing_enabled":true,"jetpack_featured_media_url":"https:\/\/voranews.al\/wp-content\/uploads\/2025\/05\/IMG_2499.webp","_links":{"self":[{"href":"https:\/\/voranews.al\/index.php?rest_route=\/wp\/v2\/posts\/22127"}],"collection":[{"href":"https:\/\/voranews.al\/index.php?rest_route=\/wp\/v2\/posts"}],"about":[{"href":"https:\/\/voranews.al\/index.php?rest_route=\/wp\/v2\/types\/post"}],"author":[{"embeddable":true,"href":"https:\/\/voranews.al\/index.php?rest_route=\/wp\/v2\/users\/1"}],"replies":[{"embeddable":true,"href":"https:\/\/voranews.al\/index.php?rest_route=%2Fwp%2Fv2%2Fcomments&post=22127"}],"version-history":[{"count":1,"href":"https:\/\/voranews.al\/index.php?rest_route=\/wp\/v2\/posts\/22127\/revisions"}],"predecessor-version":[{"id":22129,"href":"https:\/\/voranews.al\/index.php?rest_route=\/wp\/v2\/posts\/22127\/revisions\/22129"}],"wp:featuredmedia":[{"embeddable":true,"href":"https:\/\/voranews.al\/index.php?rest_route=\/wp\/v2\/media\/22128"}],"wp:attachment":[{"href":"https:\/\/voranews.al\/index.php?rest_route=%2Fwp%2Fv2%2Fmedia&parent=22127"}],"wp:term":[{"taxonomy":"category","embeddable":true,"href":"https:\/\/voranews.al\/index.php?rest_route=%2Fwp%2Fv2%2Fcategories&post=22127"},{"taxonomy":"post_tag","embeddable":true,"href":"https:\/\/voranews.al\/index.php?rest_route=%2Fwp%2Fv2%2Ftags&post=22127"}],"curies":[{"name":"wp","href":"https:\/\/api.w.org\/{rel}","templated":true}]}}