{"id":2220,"date":"2020-12-13T22:22:39","date_gmt":"2020-12-13T21:22:39","guid":{"rendered":"https:\/\/voranews.al\/?p=2220"},"modified":"2020-12-13T22:22:43","modified_gmt":"2020-12-13T21:22:43","slug":"stresi-kritikon-familjen-e-klodian-rashes","status":"publish","type":"post","link":"https:\/\/voranews.al\/?p=2220","title":{"rendered":"Stresi kritikon familjen e Klodian Rash\u00ebs"},"content":{"rendered":"\n<p>Stresi kritikon familjen e Klodian Rash\u00ebs: Un\u00eb s\u2019i kisha pranuar kurr\u00eb as te dera e sht\u00ebpis\u00eb ata q\u00eb m\u00eb vran\u00eb djalin. Un\u00eb e hapa \u00e7\u2019deshta me hapur, tani ta vazhdoj\u00eb kush t\u00eb doj\u00eb<\/p>\n\n\n\n<p>Arkimed Lushaj ka reaguar s\u00ebrish pas protest\u00ebs.<\/p>\n\n\n\n<p>Nga arratia, reperi ka kritikuar familjar\u00ebt e Klodian Rash\u00ebs, duke th\u00ebn\u00eb se s\u2019duhet t\u00eb priste n\u00eb sht\u00ebpi kryeministrin Edi Rama dhe kryetarin e Bashkis\u00eb s\u00eb Tiran\u00ebs Erion Veliaj.<\/p>\n\n\n\n<p>\u201cPash\u00eb dhe videon q\u00eb kryek*rva e Tiran\u00ebs, Erion Veliaj shkoi te familja e t\u00eb ndjerit, un\u00eb nuk i kisha pranuar kurr\u00eb ata q\u00eb m\u00eb vran\u00eb djalin, as n\u00eb mort dhe tek dera e sht\u00ebpis\u00eb, nuk kam gj\u00eb kundra, \u00ebsht\u00eb dhimbje shum\u00eb e madhe\u201d, shprehet Lushaj.<\/p>\n\n\n\n<p>Ai thot\u00eb se arriti t\u00eb hap\u00eb kauz\u00ebn m\u00eb t\u00eb fort\u00eb dhe se gjith\u00e7ka q\u00eb e ka b\u00ebr\u00eb me zem\u00ebr.<\/p>\n\n\n\n<p>\u201cUn\u00eb nuk tutna por ruhna, idiota, ka ikur koha e luft\u00ebrave un\u00eb e hapa \u00e7far\u00eb deshta me hapur, tani ta vazhdoj\u00eb kush t\u00eb doj\u00eb. Zoti ju rujt\u00eb t\u00eb krejtve dhe faleminderit t\u00eb gjith\u00eb t\u00eb rinjve shqiptar\u00eb q\u00eb m\u00eb kan\u00eb p\u00ebrkrahur deri m\u00eb tani\u201d, thot\u00eb ai.<\/p>\n\n\n\n<p>Reagimi i plot\u00eb:<\/p>\n\n\n\n<p>\u201cSot p\u00ebr sot jam n\u00eb k\u00ebrkim dhe rrezikoj burg.<\/p>\n\n\n\n<p>Un\u00eb \u00e7far\u00eb pata me b\u00ebr\u00eb n\u00eb dit\u00ebn e par\u00eb e b\u00ebra me zem\u00ebr. Un\u00eb jam ai q\u00eb hapa kauz\u00ebn m\u00eb t\u00eb fort\u00eb dhe nuk m\u00eb intereson se \u00e7far\u00eb vjen pas k\u00ebsaj kauze.<\/p>\n\n\n\n<p>Pash\u00eb dhe videon q\u00eb kryek*rva e Tiran\u00ebs, Erion Veliaj shkoi te familja e t\u00eb ndjerit, un\u00eb nuk i kisha pranuar kurr\u00eb ata q\u00eb m\u00eb vran\u00eb djalin, as n\u00eb mort dhe tek dera e sht\u00ebpis\u00eb, nuk kam gj\u00eb kundra, \u00ebsht\u00eb dhimbje shum\u00eb e madhe.<\/p>\n\n\n\n<p>N\u00ebse un\u00eb e kam b\u00ebr\u00eb p\u00ebr arsye politike zoti ma \u00e7oft\u00eb n\u00eb familjen time. Nuk e kam b\u00ebr\u00eb p\u00ebr arsye politike vet\u00ebm kam hyr\u00eb me shpirt me lot n\u00eb sy kam qen\u00eb n\u00eb protest\u00eb mundem me t\u00eb kallzue t\u00eb gjith\u00eb protestuesit p\u00ebr \u00e7far\u00eb e kam bo. M\u2019u ka tha fytyra prej lot\u00ebve.<\/p>\n\n\n\n<p>Momentin e par\u00eb q\u00eb kryetari i Bashkis\u00eb ka shkuar aty nuk ka qen\u00eb desht me i pritur ata hi\u00e7, mos me l\u00ebn\u00eb asnj\u00eb t\u00eb pushtetit aty por un\u00eb k\u00ebtej jam.<\/p>\n\n\n\n<p>Un\u00eb nuk tutna por ruhna, idiota, ka ikur koha e luft\u00ebrave un\u00eb e hapa \u00e7far\u00eb deshta me hapur, tani ta vazhdoj\u00eb kush t\u00eb doj\u00eb. Zoti ju rujt\u00eb t\u00eb krejtve dhe faleminderit t\u00eb gjith\u00eb t\u00eb rinjve shqiptar\u00eb q\u00eb m\u00eb kan\u00eb p\u00ebrkrahur deri m\u00eb tani.\u201c, thot\u00eb Stresi.<\/p>\n","protected":false},"excerpt":{"rendered":"<p>Stresi kritikon familjen e Klodian Rash\u00ebs: Un\u00eb s\u2019i kisha pranuar kurr\u00eb as te dera e sht\u00ebpis\u00eb ata q\u00eb m\u00eb vran\u00eb djalin. Un\u00eb e hapa \u00e7\u2019deshta me hapur, tani ta vazhdoj\u00eb kush t\u00eb doj\u00eb Arkimed Lushaj ka reaguar s\u00ebrish pas protest\u00ebs. Nga arratia, reperi ka kritikuar familjar\u00ebt e Klodian Rash\u00ebs, duke th\u00ebn\u00eb se s\u2019duhet t\u00eb priste &hellip;<\/p>\n","protected":false},"author":1,"featured_media":2221,"comment_status":"closed","ping_status":"closed","sticky":true,"template":"","format":"standard","meta":{"_jetpack_memberships_contains_paid_content":false,"footnotes":""},"categories":[36],"tags":[],"jetpack_sharing_enabled":true,"jetpack_featured_media_url":"https:\/\/voranews.al\/wp-content\/uploads\/2020\/12\/8B23AE3A-F769-4844-8B67-5FD4F533BBBE.jpeg","_links":{"self":[{"href":"https:\/\/voranews.al\/index.php?rest_route=\/wp\/v2\/posts\/2220"}],"collection":[{"href":"https:\/\/voranews.al\/index.php?rest_route=\/wp\/v2\/posts"}],"about":[{"href":"https:\/\/voranews.al\/index.php?rest_route=\/wp\/v2\/types\/post"}],"author":[{"embeddable":true,"href":"https:\/\/voranews.al\/index.php?rest_route=\/wp\/v2\/users\/1"}],"replies":[{"embeddable":true,"href":"https:\/\/voranews.al\/index.php?rest_route=%2Fwp%2Fv2%2Fcomments&post=2220"}],"version-history":[{"count":1,"href":"https:\/\/voranews.al\/index.php?rest_route=\/wp\/v2\/posts\/2220\/revisions"}],"predecessor-version":[{"id":2222,"href":"https:\/\/voranews.al\/index.php?rest_route=\/wp\/v2\/posts\/2220\/revisions\/2222"}],"wp:featuredmedia":[{"embeddable":true,"href":"https:\/\/voranews.al\/index.php?rest_route=\/wp\/v2\/media\/2221"}],"wp:attachment":[{"href":"https:\/\/voranews.al\/index.php?rest_route=%2Fwp%2Fv2%2Fmedia&parent=2220"}],"wp:term":[{"taxonomy":"category","embeddable":true,"href":"https:\/\/voranews.al\/index.php?rest_route=%2Fwp%2Fv2%2Fcategories&post=2220"},{"taxonomy":"post_tag","embeddable":true,"href":"https:\/\/voranews.al\/index.php?rest_route=%2Fwp%2Fv2%2Ftags&post=2220"}],"curies":[{"name":"wp","href":"https:\/\/api.w.org\/{rel}","templated":true}]}}