{"id":22754,"date":"2025-08-04T12:25:51","date_gmt":"2025-08-04T11:25:51","guid":{"rendered":"https:\/\/voranews.al\/?p=22754"},"modified":"2025-08-04T12:25:52","modified_gmt":"2025-08-04T11:25:52","slug":"thirrjet-antishqiptare-ne-maqedonine-e-veriut-reagon-vjosa-osmani-cenojne-frymen-e-bashkejeteses-shqetesuese-mos-reagimi-i-krereve-te-larte-ne-shkup","status":"publish","type":"post","link":"https:\/\/voranews.al\/?p=22754","title":{"rendered":"Thirrjet antishqiptare n\u00eb Maqedonin\u00eb e Veriut, reagon Vjosa Osmani: Cenojn\u00eb frym\u00ebn e bashk\u00ebjetes\u00ebs! Shqet\u00ebsuese mos reagimi i krer\u00ebve t\u00eb lart\u00eb n\u00eb Shkup"},"content":{"rendered":"\n<p>Presidentja e Kosov\u00ebs, Vjosa Osmani, ka reaguar pas thirrjeve antishqiptare q\u00eb ndodh\u00ebn n\u00eb ndeshjen e basketbollit t\u00eb zhvilluar n\u00eb Kumanov\u00eb n\u00eb fundjav\u00eb mes Maqedonis\u00eb s\u00eb Veriut dhe Rumanis\u00eb.<\/p>\n\n\n\n<p>Osmani i ka quajtur t\u00eb papranueshme thirrjet dhe tha se ato cenojn\u00eb frym\u00ebn e bashk\u00ebjetes\u00ebs dhe respektit t\u00eb nd\u00ebrsjell\u00eb.<\/p>\n\n\n\n<figure class=\"wp-block-image\"><img decoding=\"async\" src=\"https:\/\/ads.adsense.al\/www\/delivery\/lg.php?bannerid=0&amp;campaignid=0&amp;zoneid=72&amp;loc=https%3A%2F%2Ffaxweb.al%2Fthirrjet-antishqiptare-ne-maqedonine-e-veriut-reagon-vjosa-osmani-cenojne-frymen-e-bashkejeteses-shqetesuese-mos-reagimi-i-krereve-te-larte-ne-shkup%2F&amp;referer=https%3A%2F%2Ffaxweb.al%2Fkategori%2Faktualitet%2F&amp;cb=3af3d6f349\" alt=\"\"\/><\/figure>\n\n\n\n<figure class=\"wp-block-image\"><img decoding=\"async\" src=\"https:\/\/ads.adsense.al\/www\/delivery\/lg.php?bannerid=0&amp;campaignid=0&amp;zoneid=65&amp;loc=https%3A%2F%2Ffaxweb.al%2Fthirrjet-antishqiptare-ne-maqedonine-e-veriut-reagon-vjosa-osmani-cenojne-frymen-e-bashkejeteses-shqetesuese-mos-reagimi-i-krereve-te-larte-ne-shkup%2F&amp;referer=https%3A%2F%2Ffaxweb.al%2Fkategori%2Faktualitet%2F&amp;cb=d07dc51a33\" alt=\"\"\/><\/figure>\n\n\n\n<p>Osmani ka th\u00ebn\u00eb se \u00ebsht\u00eb shqet\u00ebsuese q\u00eb zyrtar\u00ebt m\u00eb t\u00eb lart\u00eb shtet\u00ebror\u00eb n\u00eb Maqedoni t\u00eb Veriut ende nuk kan\u00eb reaguar. Ajo ka b\u00ebr\u00eb thirrje q\u00eb t\u00eb merren masa t\u00eb menj\u00ebhershme ndaj atyre q\u00eb kan\u00eb b\u00ebr\u00eb thirrje t\u00eb tilla.<\/p>\n\n\n\n<p>\u201cThirrjet antishqiptare t\u00eb d\u00ebgjuara gjat\u00eb ndeshjes n\u00eb Kumanov\u00eb jan\u00eb t\u00eb papranueshme dhe cenojn\u00eb frym\u00ebn e bashk\u00ebjetes\u00ebs dhe respektit t\u00eb nd\u00ebrsjell\u00eb, q\u00eb duhet t\u00eb jen\u00eb themel i \u00e7do shoq\u00ebrie demokratike me aspirata evropiane. Shqiptar\u00ebt jan\u00eb popull autokton n\u00eb trojet e tyre si dhe meritojn\u00eb t\u00eb trajtohen me dinjitet dhe barazi, ashtu si \u00e7do komunitet tjet\u00ebr.&nbsp; Edhe m\u00eb shqet\u00ebsues mbetet fakti q\u00eb zyrtar\u00ebt m\u00eb t\u00eb lart\u00eb shtet\u00ebror\u00eb n\u00eb Shkup nuk kan\u00eb reaguar ndaj k\u00ebsaj gjuhe urrejt\u00ebse e p\u00ebrjashtuese, duke l\u00ebn\u00eb hap\u00ebsir\u00eb p\u00ebr retorika q\u00eb minojn\u00eb toleranc\u00ebn nd\u00ebretnike dhe harmonin\u00eb q\u00eb vendi synon t\u00eb nd\u00ebrtoj\u00eb n\u00eb rrug\u00ebn e tij drejt familjes evropiane\u201d, thuhet n\u00eb deklarat\u00ebn e Osmanit.<\/p>\n","protected":false},"excerpt":{"rendered":"<p>Presidentja e Kosov\u00ebs, Vjosa Osmani, ka reaguar pas thirrjeve antishqiptare q\u00eb ndodh\u00ebn n\u00eb ndeshjen e basketbollit t\u00eb zhvilluar n\u00eb Kumanov\u00eb n\u00eb fundjav\u00eb mes Maqedonis\u00eb s\u00eb Veriut dhe Rumanis\u00eb. Osmani i ka quajtur t\u00eb papranueshme thirrjet dhe tha se ato cenojn\u00eb frym\u00ebn e bashk\u00ebjetes\u00ebs dhe respektit t\u00eb nd\u00ebrsjell\u00eb. Osmani ka th\u00ebn\u00eb se \u00ebsht\u00eb shqet\u00ebsuese q\u00eb zyrtar\u00ebt &hellip;<\/p>\n","protected":false},"author":1,"featured_media":22755,"comment_status":"closed","ping_status":"closed","sticky":false,"template":"","format":"standard","meta":{"_jetpack_memberships_contains_paid_content":false,"footnotes":""},"categories":[4,38],"tags":[],"jetpack_sharing_enabled":true,"jetpack_featured_media_url":"https:\/\/voranews.al\/wp-content\/uploads\/2025\/08\/Vjosa-osmani-750x375-1.jpg","_links":{"self":[{"href":"https:\/\/voranews.al\/index.php?rest_route=\/wp\/v2\/posts\/22754"}],"collection":[{"href":"https:\/\/voranews.al\/index.php?rest_route=\/wp\/v2\/posts"}],"about":[{"href":"https:\/\/voranews.al\/index.php?rest_route=\/wp\/v2\/types\/post"}],"author":[{"embeddable":true,"href":"https:\/\/voranews.al\/index.php?rest_route=\/wp\/v2\/users\/1"}],"replies":[{"embeddable":true,"href":"https:\/\/voranews.al\/index.php?rest_route=%2Fwp%2Fv2%2Fcomments&post=22754"}],"version-history":[{"count":1,"href":"https:\/\/voranews.al\/index.php?rest_route=\/wp\/v2\/posts\/22754\/revisions"}],"predecessor-version":[{"id":22756,"href":"https:\/\/voranews.al\/index.php?rest_route=\/wp\/v2\/posts\/22754\/revisions\/22756"}],"wp:featuredmedia":[{"embeddable":true,"href":"https:\/\/voranews.al\/index.php?rest_route=\/wp\/v2\/media\/22755"}],"wp:attachment":[{"href":"https:\/\/voranews.al\/index.php?rest_route=%2Fwp%2Fv2%2Fmedia&parent=22754"}],"wp:term":[{"taxonomy":"category","embeddable":true,"href":"https:\/\/voranews.al\/index.php?rest_route=%2Fwp%2Fv2%2Fcategories&post=22754"},{"taxonomy":"post_tag","embeddable":true,"href":"https:\/\/voranews.al\/index.php?rest_route=%2Fwp%2Fv2%2Ftags&post=22754"}],"curies":[{"name":"wp","href":"https:\/\/api.w.org\/{rel}","templated":true}]}}