{"id":22762,"date":"2025-08-06T12:26:04","date_gmt":"2025-08-06T11:26:04","guid":{"rendered":"https:\/\/voranews.al\/?p=22762"},"modified":"2025-08-06T12:26:06","modified_gmt":"2025-08-06T11:26:06","slug":"na-rrahu-njeri-na-beri-peshk-dhunohet-personazhi-i-njohur-i-rrjeteve-sociale-genard-hajdini-dhe-babai-i-tij","status":"publish","type":"post","link":"https:\/\/voranews.al\/?p=22762","title":{"rendered":"&#8220;Na rrahu nj\u00ebri na b\u00ebri peshk&#8221;, dhunohet personazhi i njohur i rrjeteve sociale Genard Hajdini dhe babai i tij"},"content":{"rendered":"\n<p>Personazhi i njohur i rrjeteve sociale&nbsp;Genard Hajdini&nbsp;dhe babai i tij jan\u00eb dhunuar nga nj\u00eb person i paidentifikuar.<\/p>\n\n\n\n<p>Ngjarja ka ndodhur n\u00eb or\u00ebn 01:00 t\u00eb m\u00ebngjesit t\u00eb dat\u00ebs 3 Gusht, n\u00eb nj\u00eb lokal n\u00eb rrug\u00ebn \u201cBardhyl\u201d n\u00eb Tiran\u00eb.<\/p>\n\n\n\n<p>Genard Hajdini ka qen\u00eb s\u00eb bashku me babain n\u00eb lokal kur u godit\u00ebn me grusht n\u00eb fytyr\u00eb nga nj\u00eb person i paidentifikuar.<\/p>\n\n\n\n<p>\u201cNa rrafi nj\u00ebri na b\u00ebri peshk fare, ishte i fort\u00eb, i fort\u00eb i dheut. Po fajin e kishte dhe \u00e7ik baba se foli me z\u00eb t\u00eb lart\u00eb. Po dhe ai vet\u00eb e krujti se i ra bab\u00ebs me grusht t\u00eb parit\u201d, ka th\u00ebn\u00eb vet\u00eb Genard Hajdini n\u00eb nj\u00eb video t\u00eb botuar prej tij nga Spitali i Traum\u00ebs ku mori mjekim n\u00eb momentet e para.<\/p>\n\n\n\n<p>Pas daljes nga spitali, Genard Hajdini b\u00ebri denoncim n\u00eb polici p\u00ebr ngjarjen.<\/p>\n","protected":false},"excerpt":{"rendered":"<p>Personazhi i njohur i rrjeteve sociale&nbsp;Genard Hajdini&nbsp;dhe babai i tij jan\u00eb dhunuar nga nj\u00eb person i paidentifikuar. Ngjarja ka ndodhur n\u00eb or\u00ebn 01:00 t\u00eb m\u00ebngjesit t\u00eb dat\u00ebs 3 Gusht, n\u00eb nj\u00eb lokal n\u00eb rrug\u00ebn \u201cBardhyl\u201d n\u00eb Tiran\u00eb. Genard Hajdini ka qen\u00eb s\u00eb bashku me babain n\u00eb lokal kur u godit\u00ebn me grusht n\u00eb fytyr\u00eb nga &hellip;<\/p>\n","protected":false},"author":1,"featured_media":22763,"comment_status":"closed","ping_status":"closed","sticky":false,"template":"","format":"standard","meta":{"_jetpack_memberships_contains_paid_content":false,"footnotes":""},"categories":[4],"tags":[],"jetpack_sharing_enabled":true,"jetpack_featured_media_url":"https:\/\/voranews.al\/wp-content\/uploads\/2025\/08\/IMG_3358.jpeg","_links":{"self":[{"href":"https:\/\/voranews.al\/index.php?rest_route=\/wp\/v2\/posts\/22762"}],"collection":[{"href":"https:\/\/voranews.al\/index.php?rest_route=\/wp\/v2\/posts"}],"about":[{"href":"https:\/\/voranews.al\/index.php?rest_route=\/wp\/v2\/types\/post"}],"author":[{"embeddable":true,"href":"https:\/\/voranews.al\/index.php?rest_route=\/wp\/v2\/users\/1"}],"replies":[{"embeddable":true,"href":"https:\/\/voranews.al\/index.php?rest_route=%2Fwp%2Fv2%2Fcomments&post=22762"}],"version-history":[{"count":1,"href":"https:\/\/voranews.al\/index.php?rest_route=\/wp\/v2\/posts\/22762\/revisions"}],"predecessor-version":[{"id":22764,"href":"https:\/\/voranews.al\/index.php?rest_route=\/wp\/v2\/posts\/22762\/revisions\/22764"}],"wp:featuredmedia":[{"embeddable":true,"href":"https:\/\/voranews.al\/index.php?rest_route=\/wp\/v2\/media\/22763"}],"wp:attachment":[{"href":"https:\/\/voranews.al\/index.php?rest_route=%2Fwp%2Fv2%2Fmedia&parent=22762"}],"wp:term":[{"taxonomy":"category","embeddable":true,"href":"https:\/\/voranews.al\/index.php?rest_route=%2Fwp%2Fv2%2Fcategories&post=22762"},{"taxonomy":"post_tag","embeddable":true,"href":"https:\/\/voranews.al\/index.php?rest_route=%2Fwp%2Fv2%2Ftags&post=22762"}],"curies":[{"name":"wp","href":"https:\/\/api.w.org\/{rel}","templated":true}]}}