{"id":22777,"date":"2025-08-08T15:51:59","date_gmt":"2025-08-08T14:51:59","guid":{"rendered":"https:\/\/voranews.al\/?p=22777"},"modified":"2025-08-08T15:52:00","modified_gmt":"2025-08-08T14:52:00","slug":"trump-i-kerkon-melonit-ti-organizoje-takimin-me-putinin-ne-rome-kremlini-kundershton","status":"publish","type":"post","link":"https:\/\/voranews.al\/?p=22777","title":{"rendered":"Trump i k\u00ebrkon Melonit t\u2019i organizoj\u00eb takimin me Putinin n\u00eb Rom\u00eb, Kremlini kund\u00ebrshton"},"content":{"rendered":"\n<p>Ka pasur nj\u00eb hipotez\u00eb p\u00ebr zhvillimin n\u00eb Rom\u00eb t\u00eb nj\u00eb samiti mes Trump dhe Putin p\u00ebr luft\u00ebn n\u00eb Ukrain\u00eb, por aktualisht ajo \u00ebsht\u00eb rr\u00ebzuar p\u00ebr shkak t\u00eb kund\u00ebrshtimit nga Rusia. Megjithat\u00eb, mbetet e hapur mund\u00ebsia q\u00eb presidenti i Shteteve t\u00eb Bashkuara dhe ai i Rusis\u00eb t\u00eb takohen n\u00eb Vatikan, edhe pse n\u00eb k\u00ebt\u00eb pik\u00eb duket e v\u00ebshtir\u00eb.<\/p>\n\n\n\n<p>T\u00eb enjten, m\u00eb 7 (gusht), Trump telefonoi kryeministren Meloni dhe i propozoi t\u00eb priste t\u00eb h\u00ebn\u00ebn samitin n\u00eb Rom\u00eb. Kryeministrja u shpreh menj\u00ebher\u00eb e gatshme dhe pak or\u00eb m\u00eb von\u00eb Rubio e propozoi zyrtarisht Rom\u00ebn edhe n\u00eb mbledhjen e K\u00ebshilltar\u00ebve p\u00ebr Sigurin\u00eb Komb\u00ebtare (NSA), e zhvilluar mes Italis\u00eb, Franc\u00ebs, Shteteve t\u00eb Bashkuara, Gjermanis\u00eb, Britanis\u00eb s\u00eb Madhe, Ukrain\u00ebs dhe Finland\u00ebs.<\/p>\n\n\n\n<p>Zelensky shprehu menj\u00ebher\u00eb miratimin e tij, duke th\u00ebn\u00eb se ishte \u201cshum\u00eb pro\u201d k\u00ebsaj ideje. Por po aq e menj\u00ebhershme ishte edhe kund\u00ebrshtia e Rusis\u00eb e cila, sipas burimeve, \u201ce konsideron Italin\u00eb nj\u00eb vend tep\u00ebr t\u00eb rreshtuar me Ukrain\u00ebn\u201d. Ky nuk \u00ebsht\u00eb i vetmi penges\u00eb. Putin \u00ebsht\u00eb zyrtarisht i shpallur n\u00eb k\u00ebrkim nga nj\u00eb urdh\u00ebr arresti nd\u00ebrkomb\u00ebtar i l\u00ebshuar nga Gjykata Penale Nd\u00ebrkomb\u00ebtare, gj\u00eb q\u00eb duket se ka ndikuar gjithashtu n\u00eb zgjedhjen e vendit p\u00ebr takimin. Jo rast\u00ebsisht, Putin deklaroi: \u201cKemi shum\u00eb miq t\u00eb gatsh\u00ebm t\u00eb na ndihmojn\u00eb p\u00ebr t\u00eb organizuar k\u00ebt\u00eb lloj aktiviteti. Nj\u00ebri prej tyre \u00ebsht\u00eb presidenti i Emirateve t\u00eb Bashkuara Arabe, Mohammed bin Zayed, i cili ndodhet p\u00ebr vizit\u00eb n\u00eb Rusi. Mendoj se do t\u00eb vendosim, por ai do t\u00eb ishte nj\u00eb nga vendet m\u00eb t\u00eb p\u00ebrshtatshme\u201d.<\/p>\n\n\n\n<p>Hipoteza e Vatikanit nuk \u00ebsht\u00eb mohuar, edhe pse p\u00ebr momentin nuk duket m\u00eb e mundshmja. \u201cDisponueshm\u00ebria ekziston dhe mbetet. M\u00eb pas do t\u00eb shohim\u2026\u201d. N\u00eb nivelet e larta t\u00eb Selis\u00eb s\u00eb Shenjt\u00eb po ndiqet me v\u00ebmendje mund\u00ebsia e nj\u00eb takimi mes Trump dhe Putin. Situata \u00ebsht\u00eb tejet delikate, v\u00ebshtir\u00ebsit\u00eb t\u00eb panum\u00ebrta dhe \u00ebsht\u00eb e natyrshme q\u00eb t\u00eb mbizot\u00ebroj\u00eb kujdesi. \u201cNuk kemi asnj\u00eb konfirmim, por\u2026\u201d.<\/p>\n\n\n\n<p>Megjithat\u00eb, nuk \u00ebsht\u00eb sekret q\u00eb Vatikani \u00ebsht\u00eb shprehur prej koh\u00ebsh i gatsh\u00ebm t\u00eb ndihmoj\u00eb p\u00ebr nj\u00eb zgjidhje diplomatike t\u00eb konflikteve, jo vet\u00ebm n\u00eb Ukrain\u00eb. K\u00ebt\u00eb e kishte th\u00ebn\u00eb edhe Papa Fran\u00e7esku dhe e p\u00ebrs\u00ebriti me qart\u00ebsi Papa Leone XIV, m\u00eb 14 maj, gjasht\u00eb dit\u00eb pas zgjedhjes: \u201cSelia e Shenjt\u00eb \u00ebsht\u00eb e gatshme q\u00eb armiqt\u00eb t\u00eb takohen dhe t\u2019i shohin nj\u00ebri-tjetrit n\u00eb sy\u2026 Popujt duan paqe dhe un\u00eb, me dor\u00ebn n\u00eb zem\u00ebr, u them p\u00ebrgjegj\u00ebsve t\u00eb popujve: le t\u00eb takohemi, t\u00eb dialogojm\u00eb, t\u00eb negociojm\u00eb! Lufta nuk \u00ebsht\u00eb kurr\u00eb e pashmangshme, arm\u00ebt mund dhe duhet t\u00eb heshtin\u201d.<\/p>\n\n\n\n<p>Sekretari i Shtetit, Pietro Parolin, vijon pun\u00ebn pa nd\u00ebrprerje dhe Papa Prevost ka konfirmuar kardinalin Matteo Zuppi si t\u00eb d\u00ebrguar paqeje. Sipas burimeve pran\u00eb Vatikanit, \u201ckontaktet nuk jan\u00eb nd\u00ebrprer\u00eb kurr\u00eb\u201d. Nd\u00ebrmjet\u00ebsimi i Selis\u00eb s\u00eb Shenjt\u00eb ka mund\u00ebsuar kthimin n\u00eb sht\u00ebpi t\u00eb disa f\u00ebmij\u00ebve ukrainas dhe shk\u00ebmbime t\u00eb t\u00eb burgosurve. Papa amerikan ka folur n\u00eb telefon me Putinin m\u00eb 4 qershor, duke i k\u00ebrkuar \u201cnj\u00eb gjest q\u00eb t\u00eb favorizoj\u00eb paqen\u201d, nj\u00eb hap p\u00ebrpara i r\u00ebnd\u00ebsish\u00ebm, pasi paraardh\u00ebsi i tij nuk kishte arritur m\u00eb t\u00eb fliste me presidentin rus pas pushtimit t\u00eb Ukrain\u00ebs. Prevost ka konfirmuar gatishm\u00ebrin\u00eb p\u00ebr t\u00eb pritur n\u00eb Vatikan \u201cnegociata\u201d paqeje.<\/p>\n\n\n\n<p>N\u00eb k\u00ebto raste, zakonisht nuk zbulohet asgj\u00eb paraprakisht: m\u00eb 17 dhjetor 2014, presidenti amerikan Barack Obama dhe ai kubanez Ra\u00fal Castro shpall\u00ebn fundin e embargos, dhe doli se n\u00eb vjesht\u00eb delegacionet ishin takuar n\u00eb Vatikan. Edhe tani \u00ebsht\u00eb e v\u00ebshtir\u00eb, dhe n\u00ebse ndodh, nuk do t\u00eb jet\u00eb kurr\u00eb Selia e Shenjt\u00eb ajo q\u00eb do ta b\u00ebj\u00eb njoftimin. Megjithat\u00eb, fakt mbetet se dyert jan\u00eb dhe mbeten t\u00eb hapura.<\/p>\n","protected":false},"excerpt":{"rendered":"<p>Ka pasur nj\u00eb hipotez\u00eb p\u00ebr zhvillimin n\u00eb Rom\u00eb t\u00eb nj\u00eb samiti mes Trump dhe Putin p\u00ebr luft\u00ebn n\u00eb Ukrain\u00eb, por aktualisht ajo \u00ebsht\u00eb rr\u00ebzuar p\u00ebr shkak t\u00eb kund\u00ebrshtimit nga Rusia. Megjithat\u00eb, mbetet e hapur mund\u00ebsia q\u00eb presidenti i Shteteve t\u00eb Bashkuara dhe ai i Rusis\u00eb t\u00eb takohen n\u00eb Vatikan, edhe pse n\u00eb k\u00ebt\u00eb pik\u00eb duket &hellip;<\/p>\n","protected":false},"author":1,"featured_media":22778,"comment_status":"closed","ping_status":"closed","sticky":false,"template":"","format":"standard","meta":{"_jetpack_memberships_contains_paid_content":false,"footnotes":""},"categories":[38],"tags":[],"jetpack_sharing_enabled":true,"jetpack_featured_media_url":"https:\/\/voranews.al\/wp-content\/uploads\/2025\/08\/Meloni-Trump.jpg","_links":{"self":[{"href":"https:\/\/voranews.al\/index.php?rest_route=\/wp\/v2\/posts\/22777"}],"collection":[{"href":"https:\/\/voranews.al\/index.php?rest_route=\/wp\/v2\/posts"}],"about":[{"href":"https:\/\/voranews.al\/index.php?rest_route=\/wp\/v2\/types\/post"}],"author":[{"embeddable":true,"href":"https:\/\/voranews.al\/index.php?rest_route=\/wp\/v2\/users\/1"}],"replies":[{"embeddable":true,"href":"https:\/\/voranews.al\/index.php?rest_route=%2Fwp%2Fv2%2Fcomments&post=22777"}],"version-history":[{"count":1,"href":"https:\/\/voranews.al\/index.php?rest_route=\/wp\/v2\/posts\/22777\/revisions"}],"predecessor-version":[{"id":22779,"href":"https:\/\/voranews.al\/index.php?rest_route=\/wp\/v2\/posts\/22777\/revisions\/22779"}],"wp:featuredmedia":[{"embeddable":true,"href":"https:\/\/voranews.al\/index.php?rest_route=\/wp\/v2\/media\/22778"}],"wp:attachment":[{"href":"https:\/\/voranews.al\/index.php?rest_route=%2Fwp%2Fv2%2Fmedia&parent=22777"}],"wp:term":[{"taxonomy":"category","embeddable":true,"href":"https:\/\/voranews.al\/index.php?rest_route=%2Fwp%2Fv2%2Fcategories&post=22777"},{"taxonomy":"post_tag","embeddable":true,"href":"https:\/\/voranews.al\/index.php?rest_route=%2Fwp%2Fv2%2Ftags&post=22777"}],"curies":[{"name":"wp","href":"https:\/\/api.w.org\/{rel}","templated":true}]}}