{"id":22790,"date":"2025-08-11T08:39:44","date_gmt":"2025-08-11T07:39:44","guid":{"rendered":"https:\/\/voranews.al\/?p=22790"},"modified":"2025-08-11T08:39:46","modified_gmt":"2025-08-11T07:39:46","slug":"termeti-me-magnitude-6-1-ne-turqi-nje-i-vdekur-dhe-29-te-plagosur","status":"publish","type":"post","link":"https:\/\/voranews.al\/?p=22790","title":{"rendered":"T\u00ebrmeti me magnitud\u00eb 6.1 n\u00eb Turqi, nj\u00eb i vdekur dhe 29 t\u00eb plagosur"},"content":{"rendered":"\n<p>Nj\u00eb t\u00ebrmet me magnitud\u00eb 6.1 t\u00eb shkall\u00ebs Rihter goditi t\u00eb diel\u00ebn provinc\u00ebn per\u00ebndimore t\u00eb Bal\u0131kesir, duke shkaktuar nj\u00eb viktim\u00eb dhe 29 t\u00eb plagosur, njoftuan autoritetet turke.<\/p>\n\n\n\n<p>Sipas raportimeve nga mediat vendase, viktima \u00ebsht\u00eb Nihat Onba\u015f, 81 vje\u00e7, i cili humbi jet\u00ebn n\u00eb spital pasi u nxor nga rr\u00ebnojat e nj\u00eb nd\u00ebrtese trekat\u00ebshe t\u00eb shembur n\u00eb qytetin S\u0131nd\u0131rg\u0131. Bashk\u00ebshortja e tij, Hamide Onba\u015f, \u00ebsht\u00eb jasht\u00eb rrezikut p\u00ebr jet\u00ebn, por ka p\u00ebsuar fraktur\u00eb n\u00eb krah.<\/p>\n\n\n\n<p>Ministri i Brendsh\u00ebm turk, Ali Yerlikaya, konfirmoi se t\u00eb plagosurit nuk jan\u00eb n\u00eb rrezik p\u00ebr jet\u00ebn. Nga 29 personat e l\u00ebnduar, 18 jan\u00eb tashm\u00eb t\u00eb liruar nga spitali, nd\u00ebrsa 11 t\u00eb tjer\u00eb vazhdojn\u00eb trajtimin, kryesisht p\u00ebr d\u00ebmtime t\u00eb p\u00ebsuara gjat\u00eb p\u00ebrpjekjes p\u00ebr t\u00eb dal\u00eb nga nd\u00ebrtesat.<\/p>\n\n\n\n<p>N\u00eb fshatrat p\u00ebrreth zon\u00ebs s\u00eb Zenterit, 16 nd\u00ebrtesa jan\u00eb shembur, p\u00ebrfshir\u00eb 4 banesa dhe 12 objekte t\u00eb braktisura, fatmir\u00ebsisht pa shkaktuar viktima t\u00eb tjera.<\/p>\n\n\n\n<p>L\u00ebkundje deri n\u00eb Stamboll dhe brigjet e Egjeut<\/p>\n\n\n\n<p>T\u00ebrmeti u regjistrua n\u00eb or\u00ebn 19:53 (sipas or\u00ebs lokale), me nj\u00eb thell\u00ebsi fokale prej 10 km. L\u00ebkundjet u ndjen\u00eb gjer\u00ebsisht n\u00eb rajonin e Marmaras\u00eb, p\u00ebrfshir\u00eb edhe Stambollin dhe brigjet veriore e lindore t\u00eb Egjeut, pa shkaktuar d\u00ebme n\u00eb ishujt grek\u00eb.<\/p>\n\n\n\n<p>Sipas autoriteteve turke dhe AFAD, jan\u00eb regjistruar t\u00eb pakt\u00ebn 20 pasgoditje, ku m\u00eb e forta ka arritur magnitud\u00ebn 5.0.<\/p>\n\n\n\n<p>Rreth 319 ekipe shp\u00ebtimi jan\u00eb angazhuar n\u00eb zon\u00ebn e goditur, nd\u00ebrsa jan\u00eb marr\u00eb 24 raportime emergjente p\u00ebr d\u00ebme n\u00eb banesa dhe struktura t\u00eb tjera. Organizata si AFAD, Jandarma, Emniyet dhe UMKE jan\u00eb v\u00ebn\u00eb menj\u00ebher\u00eb n\u00eb veprim p\u00ebr t\u00eb ndihmuar banor\u00ebt dhe p\u00ebr t\u00eb kontrolluar d\u00ebmet.<\/p>\n","protected":false},"excerpt":{"rendered":"<p>Nj\u00eb t\u00ebrmet me magnitud\u00eb 6.1 t\u00eb shkall\u00ebs Rihter goditi t\u00eb diel\u00ebn provinc\u00ebn per\u00ebndimore t\u00eb Bal\u0131kesir, duke shkaktuar nj\u00eb viktim\u00eb dhe 29 t\u00eb plagosur, njoftuan autoritetet turke. Sipas raportimeve nga mediat vendase, viktima \u00ebsht\u00eb Nihat Onba\u015f, 81 vje\u00e7, i cili humbi jet\u00ebn n\u00eb spital pasi u nxor nga rr\u00ebnojat e nj\u00eb nd\u00ebrtese trekat\u00ebshe t\u00eb shembur n\u00eb &hellip;<\/p>\n","protected":false},"author":1,"featured_media":22791,"comment_status":"closed","ping_status":"closed","sticky":false,"template":"","format":"standard","meta":{"_jetpack_memberships_contains_paid_content":false,"footnotes":""},"categories":[4],"tags":[],"jetpack_sharing_enabled":true,"jetpack_featured_media_url":"https:\/\/voranews.al\/wp-content\/uploads\/2025\/08\/IMG_3398.webp","_links":{"self":[{"href":"https:\/\/voranews.al\/index.php?rest_route=\/wp\/v2\/posts\/22790"}],"collection":[{"href":"https:\/\/voranews.al\/index.php?rest_route=\/wp\/v2\/posts"}],"about":[{"href":"https:\/\/voranews.al\/index.php?rest_route=\/wp\/v2\/types\/post"}],"author":[{"embeddable":true,"href":"https:\/\/voranews.al\/index.php?rest_route=\/wp\/v2\/users\/1"}],"replies":[{"embeddable":true,"href":"https:\/\/voranews.al\/index.php?rest_route=%2Fwp%2Fv2%2Fcomments&post=22790"}],"version-history":[{"count":1,"href":"https:\/\/voranews.al\/index.php?rest_route=\/wp\/v2\/posts\/22790\/revisions"}],"predecessor-version":[{"id":22792,"href":"https:\/\/voranews.al\/index.php?rest_route=\/wp\/v2\/posts\/22790\/revisions\/22792"}],"wp:featuredmedia":[{"embeddable":true,"href":"https:\/\/voranews.al\/index.php?rest_route=\/wp\/v2\/media\/22791"}],"wp:attachment":[{"href":"https:\/\/voranews.al\/index.php?rest_route=%2Fwp%2Fv2%2Fmedia&parent=22790"}],"wp:term":[{"taxonomy":"category","embeddable":true,"href":"https:\/\/voranews.al\/index.php?rest_route=%2Fwp%2Fv2%2Fcategories&post=22790"},{"taxonomy":"post_tag","embeddable":true,"href":"https:\/\/voranews.al\/index.php?rest_route=%2Fwp%2Fv2%2Ftags&post=22790"}],"curies":[{"name":"wp","href":"https:\/\/api.w.org\/{rel}","templated":true}]}}