{"id":23268,"date":"2025-11-08T17:09:35","date_gmt":"2025-11-08T16:09:35","guid":{"rendered":"https:\/\/voranews.al\/?p=23268"},"modified":"2025-11-08T17:09:37","modified_gmt":"2025-11-08T16:09:37","slug":"vora-ben-ligjin-ne-kryeqytet-i-shkakton-tiranes-humbjen-e-katert-radhasi-dhe-e-shtyn-drejt-renies","status":"publish","type":"post","link":"https:\/\/voranews.al\/?p=23268","title":{"rendered":"Vora b\u00ebn ligjin n\u00eb kryeqytet, i shkakton Tiran\u00ebs humbjen e kat\u00ebrt radhasi dhe e shtyn drejt r\u00ebnies"},"content":{"rendered":"\n<p><strong>Vora ka siguruar n\u00eb tjet\u00ebr fitore bind\u00ebse q\u00eb e shtyn skuadr\u00ebn e drejtuar nga Arjan Bellaj larg zon\u00ebs s\u00eb ftoht\u00eb t\u00eb klasifikimit, teksa zhyt gjithnj\u00eb e m\u00eb shum\u00eb n\u00eb fund pik\u00ebrisht Tiran\u00ebn q\u00eb u mposht sot n\u00eb fush\u00ebn e saj me shifrat 2-0.<\/strong><\/p>\n\n\n\n<p>Nj\u00eb sukses i \u201cgatuar\u201d n\u00eb pjes\u00ebn e par\u00eb nga Vora q\u00eb p\u00ebrfitoi nga gabime te vendasve p\u00ebr t\u00eb sh\u00ebnuar me Bardhin e Kasall\u00ebn. Nd\u00ebrsa n\u00eb fraksionin e dyt\u00eb t\u00eb loj\u00ebs, bardheblut\u00eb ishin m\u00eb ngulmues, por pa u shfaqur thuajse asnj\u00ebher\u00eb t\u00eb rreziksh\u00ebm para Ru\u00e7it.<\/p>\n\n\n\n<p>Ndaj n\u00eb fund Vora mori tre pik\u00eb t\u00eb merituara, nd\u00ebrsa Tirana humbjen e kat\u00ebrt radhazi n\u00eb nj\u00eb sezon q\u00eb po rezulton gjithnj\u00eb e m\u00eb shum\u00eb historik p\u00ebr t\u00eb gjith\u00eb arsyet e gabuara p\u00ebr bardheblut\u00eb.<\/p>\n\n\n\n<p><strong>TIRANA 0-2 VORA<\/strong><\/p>\n","protected":false},"excerpt":{"rendered":"<p>Vora ka siguruar n\u00eb tjet\u00ebr fitore bind\u00ebse q\u00eb e shtyn skuadr\u00ebn e drejtuar nga Arjan Bellaj larg zon\u00ebs s\u00eb ftoht\u00eb t\u00eb klasifikimit, teksa zhyt gjithnj\u00eb e m\u00eb shum\u00eb n\u00eb fund pik\u00ebrisht Tiran\u00ebn q\u00eb u mposht sot n\u00eb fush\u00ebn e saj me shifrat 2-0. Nj\u00eb sukses i \u201cgatuar\u201d n\u00eb pjes\u00ebn e par\u00eb nga Vora q\u00eb p\u00ebrfitoi &hellip;<\/p>\n","protected":false},"author":1,"featured_media":23269,"comment_status":"closed","ping_status":"closed","sticky":false,"template":"","format":"standard","meta":{"_jetpack_memberships_contains_paid_content":false,"footnotes":""},"categories":[1],"tags":[],"jetpack_sharing_enabled":true,"jetpack_featured_media_url":"https:\/\/voranews.al\/wp-content\/uploads\/2025\/11\/bandicam-2025-11-08-14-33-24-377.jpg","_links":{"self":[{"href":"https:\/\/voranews.al\/index.php?rest_route=\/wp\/v2\/posts\/23268"}],"collection":[{"href":"https:\/\/voranews.al\/index.php?rest_route=\/wp\/v2\/posts"}],"about":[{"href":"https:\/\/voranews.al\/index.php?rest_route=\/wp\/v2\/types\/post"}],"author":[{"embeddable":true,"href":"https:\/\/voranews.al\/index.php?rest_route=\/wp\/v2\/users\/1"}],"replies":[{"embeddable":true,"href":"https:\/\/voranews.al\/index.php?rest_route=%2Fwp%2Fv2%2Fcomments&post=23268"}],"version-history":[{"count":1,"href":"https:\/\/voranews.al\/index.php?rest_route=\/wp\/v2\/posts\/23268\/revisions"}],"predecessor-version":[{"id":23270,"href":"https:\/\/voranews.al\/index.php?rest_route=\/wp\/v2\/posts\/23268\/revisions\/23270"}],"wp:featuredmedia":[{"embeddable":true,"href":"https:\/\/voranews.al\/index.php?rest_route=\/wp\/v2\/media\/23269"}],"wp:attachment":[{"href":"https:\/\/voranews.al\/index.php?rest_route=%2Fwp%2Fv2%2Fmedia&parent=23268"}],"wp:term":[{"taxonomy":"category","embeddable":true,"href":"https:\/\/voranews.al\/index.php?rest_route=%2Fwp%2Fv2%2Fcategories&post=23268"},{"taxonomy":"post_tag","embeddable":true,"href":"https:\/\/voranews.al\/index.php?rest_route=%2Fwp%2Fv2%2Ftags&post=23268"}],"curies":[{"name":"wp","href":"https:\/\/api.w.org\/{rel}","templated":true}]}}