{"id":2378,"date":"2020-12-16T18:26:08","date_gmt":"2020-12-16T17:26:08","guid":{"rendered":"https:\/\/voranews.al\/?p=2378"},"modified":"2020-12-16T18:26:13","modified_gmt":"2020-12-16T17:26:13","slug":"o-ilir-meta-ku-je-kryemadhi-reagon-per-thirrjen-e-stresit","status":"publish","type":"post","link":"https:\/\/voranews.al\/?p=2378","title":{"rendered":"&#8220;O Ilir Meta ku je&#8221;, Kryemadhi reagon p\u00ebr thirrjen e Stresit:"},"content":{"rendered":"\n<p>&#8220;O Ilir Meta ku je&#8221;, Kryemadhi reagon p\u00ebr thirrjen e Stresit: Shikoj nj\u00eb thirrje besimi p\u00ebr Presidentin, policia t\u00eb b\u00ebj\u00eb testin e drog\u00ebs<\/p>\n\n\n\n<p>Dit\u00ebn e sotme, e ftuar n\u00eb studion e emisionit \u201cTop Talk\u201d ishte Monika Kryemadhi, e cila foli rreth \u00e7\u00ebshtjes s\u00eb protest\u00ebs, thirrjes s\u00eb Stresit p\u00ebr Presidentin Meta dhe p\u00ebr em\u00ebrimin e Bledi \u00c7u\u00e7it.<\/p>\n\n\n\n<p>Ajo tha se Stresi ka b\u00ebr\u00eb nj\u00eb thirrje m\u00eb shum\u00eb p\u00ebr t\u00eb treguar se Presidenti duhet t\u00eb k\u00ebrkoj\u00eb nga strukturat e policis\u00eb dhe drejt\u00ebsis\u00eb se \u00e7far\u00eb ka ndodhur n\u00eb t\u00eb v\u00ebrtet\u00eb n\u00eb mes t\u00eb viktim\u00ebs dhe agresorit t\u00eb cilat l\u00ebn\u00eb shum\u00eb p\u00ebr t\u00eb d\u00ebshiruar n\u00eb k\u00ebt\u00eb pro\u00e7es, dhe se nuk ka reaguar p\u00ebr k\u00ebt\u00eb ngjarje sepse kjo ngjarje k\u00ebrkon nj\u00eb hetim dhe zbardhje m\u00eb t\u00eb detajuar.<\/p>\n\n\n\n<p>\u201cK\u00ebt\u00eb e k\u00ebrkon q\u00eb t\u00eb shtroj\u00eb nj\u00eb presion p\u00ebr veprimet e tjera q\u00eb c\u00ebnonin figurat publike, besimi q\u00eb mund t\u00eb jet\u00eb e Stresit, ku un\u00eb nuk shikoj zhg\u00ebnjim por nj\u00eb thirrje m\u00eb shum\u00eb p\u00ebr t\u00eb treguar se Presidenti duhet t\u00eb k\u00ebrkoj\u00eb nga strukturat e policis\u00eb dhe drejt\u00ebsis\u00eb se \u00e7far\u00eb ka ndodhur n\u00eb t\u00eb v\u00ebrtet\u00eb n\u00eb mes t\u00eb viktim\u00ebs dhe agresorit t\u00eb cilat l\u00ebn\u00eb shum\u00eb p\u00ebr t\u00eb d\u00ebshiruar n\u00eb k\u00ebt\u00eb pro\u00e7es, nuk kam reaguar se kjo ngjarje k\u00ebrkon nj\u00eb hetim dhe zbardhje m\u00eb t\u00eb detajuar.<\/p>\n\n\n\n<p>Nuk keni asnj\u00eb status timin n\u00eb q\u00ebndrimet publike sa i p\u00ebrket vrasjes, jo vet\u00ebm po pres hetimin, por k\u00ebrkon nj\u00eb di\u00e7ka shum\u00eb m\u00eb t\u00eb detajuar. P\u00ebr mua \u00ebsht\u00eb akoma e skandaloze, se akoma nuk \u00ebsht\u00eb se pse nuk iu b\u00eb testi i drog\u00ebs policit.<\/p>\n\n\n\n<p>Ajo sjellja arbitrare n\u00eb or\u00ebn 1 t\u00eb nat\u00ebs n\u00eb halucinacione kushtet e vet\u00ebmbrojtjes sigurisht q\u00eb krijon probleme.<\/p>\n\n\n\n<p>Ju e dini se pas 72 or\u00ebsh testi i drog\u00ebs nuk ka efekt, edhe po nuk i zbardhi dret\u00ebsia e Edi Ram\u00ebs, do zbardhet her\u00ebt a von\u00eb\u201d, tha Monika Kryemadhi.<\/p>\n","protected":false},"excerpt":{"rendered":"<p>&#8220;O Ilir Meta ku je&#8221;, Kryemadhi reagon p\u00ebr thirrjen e Stresit: Shikoj nj\u00eb thirrje besimi p\u00ebr Presidentin, policia t\u00eb b\u00ebj\u00eb testin e drog\u00ebs Dit\u00ebn e sotme, e ftuar n\u00eb studion e emisionit \u201cTop Talk\u201d ishte Monika Kryemadhi, e cila foli rreth \u00e7\u00ebshtjes s\u00eb protest\u00ebs, thirrjes s\u00eb Stresit p\u00ebr Presidentin Meta dhe p\u00ebr em\u00ebrimin e Bledi &hellip;<\/p>\n","protected":false},"author":1,"featured_media":2379,"comment_status":"closed","ping_status":"closed","sticky":true,"template":"","format":"standard","meta":{"_jetpack_memberships_contains_paid_content":false,"footnotes":""},"categories":[20],"tags":[],"jetpack_sharing_enabled":true,"jetpack_featured_media_url":"https:\/\/voranews.al\/wp-content\/uploads\/2020\/12\/5C53BA31-030F-4A75-A42A-C996B3463415.jpeg","_links":{"self":[{"href":"https:\/\/voranews.al\/index.php?rest_route=\/wp\/v2\/posts\/2378"}],"collection":[{"href":"https:\/\/voranews.al\/index.php?rest_route=\/wp\/v2\/posts"}],"about":[{"href":"https:\/\/voranews.al\/index.php?rest_route=\/wp\/v2\/types\/post"}],"author":[{"embeddable":true,"href":"https:\/\/voranews.al\/index.php?rest_route=\/wp\/v2\/users\/1"}],"replies":[{"embeddable":true,"href":"https:\/\/voranews.al\/index.php?rest_route=%2Fwp%2Fv2%2Fcomments&post=2378"}],"version-history":[{"count":1,"href":"https:\/\/voranews.al\/index.php?rest_route=\/wp\/v2\/posts\/2378\/revisions"}],"predecessor-version":[{"id":2380,"href":"https:\/\/voranews.al\/index.php?rest_route=\/wp\/v2\/posts\/2378\/revisions\/2380"}],"wp:featuredmedia":[{"embeddable":true,"href":"https:\/\/voranews.al\/index.php?rest_route=\/wp\/v2\/media\/2379"}],"wp:attachment":[{"href":"https:\/\/voranews.al\/index.php?rest_route=%2Fwp%2Fv2%2Fmedia&parent=2378"}],"wp:term":[{"taxonomy":"category","embeddable":true,"href":"https:\/\/voranews.al\/index.php?rest_route=%2Fwp%2Fv2%2Fcategories&post=2378"},{"taxonomy":"post_tag","embeddable":true,"href":"https:\/\/voranews.al\/index.php?rest_route=%2Fwp%2Fv2%2Ftags&post=2378"}],"curies":[{"name":"wp","href":"https:\/\/api.w.org\/{rel}","templated":true}]}}