{"id":23814,"date":"2026-02-04T20:07:19","date_gmt":"2026-02-04T19:07:19","guid":{"rendered":"https:\/\/voranews.al\/?p=23814"},"modified":"2026-02-04T20:07:21","modified_gmt":"2026-02-04T19:07:21","slug":"intervista-me-kryebashkiakun-arbana-per-zhvillimin-e-shijakut","status":"publish","type":"post","link":"https:\/\/voranews.al\/?p=23814","title":{"rendered":"Intervista me kryebashkiakun Arbana p\u00ebr zhvillimin e Shijakut."},"content":{"rendered":"\n<p>I<\/p>\n\n\n\n<p>P\u00ebrsh\u00ebndetje z.Arbana. Shijaku ka nisur nj\u00eb proces t\u00eb r\u00ebnd\u00ebsish\u00ebm p\u00ebr Regjistrimin Fillestar t\u00eb pasurive n\u00eb fshatrat Shahinaj dhe Shetel. Mund t\u00eb na tregoni m\u00eb shum\u00eb rreth k\u00ebtij procesi?<\/p>\n\n\n\n<p>Po, ka nisur procesi i afishimit publik p\u00ebr Regjistrimin Fillestar t\u00eb pasurive n\u00eb fshatrat Shahinaj dhe Shetel, nj\u00eb hap thelb\u00ebsor drejt zgjidhjes s\u00eb \u00e7\u00ebshtjeve t\u00eb pron\u00ebsis\u00eb q\u00eb kan\u00eb mbetur t\u00eb pazgjidhura p\u00ebr 35 vite. Banor\u00ebt kan\u00eb mund\u00ebsin\u00eb t\u00eb konsultojn\u00eb p\u00ebr 45 dit\u00eb t\u00eb dh\u00ebnat e paraqitura pran\u00eb nj\u00ebsive administrative p\u00ebrkat\u00ebse. Ky proces \u00ebsht\u00eb rezultat i angazhimit t\u00eb Bashkis\u00eb Shijak dhe mb\u00ebshtetjes s\u00eb Kryeministrit Edi Rama, p\u00ebr t\u2019i dh\u00ebn\u00eb zgjidhje nj\u00eb problemi t\u00eb gjat\u00eb, duke d\u00ebgjuar z\u00ebrin e qytetar\u00ebve.<\/p>\n\n\n\n<p>P\u00ebr qytetar\u00ebt q\u00eb nuk kan\u00eb dokumentacion t\u00eb plot\u00eb, si mund t\u00eb p\u00ebrfitojn\u00eb nga ky proces?<\/p>\n\n\n\n<p>Pas p\u00ebrfundimit t\u00eb Regjistrimit Fillestar dhe krijimit t\u00eb Regjistrit Kadastral, \u00e7do banor mund t\u00eb aplikoj\u00eb p\u00ebr t\u00eb regjistruar titullin e pron\u00ebsis\u00eb dhe t\u00eb pajiset me dokumentacion t\u00eb plot\u00eb.<\/p>\n\n\n\n<p>Cilat kan\u00eb qen\u00eb investimet kryesore t\u00eb Bashkis\u00eb muajt e fundit?<\/p>\n\n\n\n<p>Viti 2025 ka q\u00ebn\u00eb i mbushur me investime n\u00eb infrastruktur\u00eb q\u00eb lidh komunitetet dhe p\u00ebrmir\u00ebson jetes\u00ebn e p\u00ebrditshme. Mund t\u00eb p\u00ebrmend k\u00ebtu rehabilitimin e rrug\u00ebve kryesore si Likesh-Shahinaj, Kat\u00ebr Rrug\u00ebt, lumit Erzen, Gjepalaj e Sip\u00ebrme dhe shum\u00eb rrug\u00eb t\u00eb tjera n\u00eb gjith\u00eb Shijakun.<br>Po ashtu, kemi nisur faz\u00ebn e par\u00eb p\u00ebr nd\u00ebrtimin e pallateve p\u00ebr t\u00eb pastreh\u00ebt dhe kemi mb\u00ebshtetur fermer\u00ebt dhe investimet n\u00eb zonat rurale p\u00ebrmes \u201cPaket\u00ebs s\u00eb Maleve\u201d.<\/p>\n\n\n\n<p>Mund t\u00eb na tregoni pak m\u00eb shum\u00eb rreth mb\u00ebshtetjes p\u00ebr fermer\u00ebt dhe zhvillimin ekonomik lokal?<\/p>\n\n\n\n<p>S\u00eb bashku me Ministrin e Bujq\u00ebsis\u00eb kemi qen\u00eb n\u00eb dialog t\u00eb drejtp\u00ebrdrejt\u00eb me fermer\u00ebt p\u00ebr Skem\u00ebn Komb\u00ebtare 2026. Bashkia e Shijakut kryeson n\u00eb nivel komb\u00ebtar n\u00eb p\u00ebrmbushjen e praktikave t\u00eb subvencionimit t\u00eb naft\u00ebs dhe kemi shpallur p\u00ebrfitues t\u00eb gjith\u00eb aplikimet e dor\u00ebzuara nga fondet e AZHBR. P\u00ebrve\u00e7 k\u00ebsaj, p\u00ebrmes \u201cPaket\u00ebs s\u00eb Maleve\u201d, qytetar\u00ebt dhe diaspora mund t\u00eb investojn\u00eb n\u00eb agroturiz\u00ebm, ferm\u00eb, banesa me funksion hotelerie dhe struktura mb\u00ebshtet\u00ebse, me p\u00ebrfitime konkrete fiskale dhe mb\u00ebshtetje me projekte falas.<\/p>\n\n\n\n<p>Bashkia Shijak pas situat\u00ebs s\u00eb v\u00ebshtir\u00eb t\u00eb krijuar nga p\u00ebrmbytjet. \u00c7far\u00eb \u00ebsht\u00eb b\u00ebr\u00eb konkretisht p\u00ebr banor\u00ebt e prekur?<\/p>\n\n\n\n<p>Bashkia Shijak p\u00ebrfundoi shum\u00eb shpejt procesin e konstatimit dhe vler\u00ebsimit t\u00eb d\u00ebmeve p\u00ebr 43 banesa n\u00eb t\u00eb gjitha nj\u00ebsit\u00eb administrative. Strukturat p\u00ebrkat\u00ebse i jan\u00eb gjendur pran\u00eb banor\u00ebve q\u00eb n\u00eb momentet e para, duke shkuar der\u00eb m\u00eb der\u00eb p\u00ebr t\u00eb evidentuar dhe vler\u00ebsuar d\u00ebmet.<br>Fal\u00eb mb\u00ebshtetjes s\u00eb Qeveris\u00eb Shqiptare dhe Kryeministrit Edi Rama, t\u00eb gjith\u00eb qytetar\u00ebt e prekur do t\u00eb d\u00ebmshp\u00ebrblehen sipas vler\u00ebsimeve t\u00eb kryera.<\/p>\n\n\n\n<p>Si do t\u00eb p\u00ebrshkruanit Shijakun p\u00ebr turist\u00ebt dhe investitor\u00ebt?<\/p>\n\n\n\n<p>Shijaku \u00ebsht\u00eb nj\u00eb vend ku tradita, natyra dhe mikpritja bashkohen. Fshatrat ofrojn\u00eb produkte vendase bio, ushqim tradicional dhe nj\u00eb p\u00ebrvoj\u00eb autentike. P\u00ebr investitor\u00ebt, zonat piktoreske dhe liqenet e kodrat e bukura jan\u00eb mund\u00ebsi ideale p\u00ebr projekte t\u00eb q\u00ebndrueshme turistike dhe agroturiz\u00ebm.<\/p>\n\n\n\n<p>\u00c7far\u00eb mesazhi keni p\u00ebr qytetar\u00ebt e Shijakut?<\/p>\n\n\n\n<p>\u00c7do hap p\u00ebrpara \u00ebsht\u00eb rezultat i p\u00ebrpjekjes s\u00eb p\u00ebrbashk\u00ebt mes Bashkis\u00eb, qytetar\u00ebve dhe qeveris\u00eb. Faleminderit p\u00ebr besimin, durimin dhe bashk\u00ebpunimin. Bashk\u00eb po nd\u00ebrtojm\u00eb nj\u00eb Shijak m\u00eb t\u00eb mir\u00eb p\u00ebr t\u00eb gjith\u00eb.<\/p>\n\n\n\n<figure class=\"wp-block-image size-large\"><img loading=\"lazy\" decoding=\"async\" width=\"500\" height=\"369\" src=\"https:\/\/voranews.al\/wp-content\/uploads\/2026\/02\/22410ef4-4dca-4315-988d-af97825cec99-500x369.jpeg\" alt=\"\" class=\"wp-image-23815\" srcset=\"https:\/\/voranews.al\/wp-content\/uploads\/2026\/02\/22410ef4-4dca-4315-988d-af97825cec99-500x369.jpeg 500w, https:\/\/voranews.al\/wp-content\/uploads\/2026\/02\/22410ef4-4dca-4315-988d-af97825cec99-300x221.jpeg 300w, https:\/\/voranews.al\/wp-content\/uploads\/2026\/02\/22410ef4-4dca-4315-988d-af97825cec99-768x566.jpeg 768w, https:\/\/voranews.al\/wp-content\/uploads\/2026\/02\/22410ef4-4dca-4315-988d-af97825cec99.jpeg 1080w\" sizes=\"(max-width: 500px) 100vw, 500px\" \/><\/figure>\n","protected":false},"excerpt":{"rendered":"<p>I P\u00ebrsh\u00ebndetje z.Arbana. Shijaku ka nisur nj\u00eb proces t\u00eb r\u00ebnd\u00ebsish\u00ebm p\u00ebr Regjistrimin Fillestar t\u00eb pasurive n\u00eb fshatrat Shahinaj dhe Shetel. Mund t\u00eb na tregoni m\u00eb shum\u00eb rreth k\u00ebtij procesi? Po, ka nisur procesi i afishimit publik p\u00ebr Regjistrimin Fillestar t\u00eb pasurive n\u00eb fshatrat Shahinaj dhe Shetel, nj\u00eb hap thelb\u00ebsor drejt zgjidhjes s\u00eb \u00e7\u00ebshtjeve t\u00eb pron\u00ebsis\u00eb &hellip;<\/p>\n","protected":false},"author":1,"featured_media":23816,"comment_status":"closed","ping_status":"closed","sticky":false,"template":"","format":"standard","meta":{"_jetpack_memberships_contains_paid_content":false,"footnotes":""},"categories":[4],"tags":[],"jetpack_sharing_enabled":true,"jetpack_featured_media_url":"https:\/\/voranews.al\/wp-content\/uploads\/2026\/02\/ceef3c05-ca27-4d8f-b68d-5e7b5cabe56e.jpeg","_links":{"self":[{"href":"https:\/\/voranews.al\/index.php?rest_route=\/wp\/v2\/posts\/23814"}],"collection":[{"href":"https:\/\/voranews.al\/index.php?rest_route=\/wp\/v2\/posts"}],"about":[{"href":"https:\/\/voranews.al\/index.php?rest_route=\/wp\/v2\/types\/post"}],"author":[{"embeddable":true,"href":"https:\/\/voranews.al\/index.php?rest_route=\/wp\/v2\/users\/1"}],"replies":[{"embeddable":true,"href":"https:\/\/voranews.al\/index.php?rest_route=%2Fwp%2Fv2%2Fcomments&post=23814"}],"version-history":[{"count":1,"href":"https:\/\/voranews.al\/index.php?rest_route=\/wp\/v2\/posts\/23814\/revisions"}],"predecessor-version":[{"id":23817,"href":"https:\/\/voranews.al\/index.php?rest_route=\/wp\/v2\/posts\/23814\/revisions\/23817"}],"wp:featuredmedia":[{"embeddable":true,"href":"https:\/\/voranews.al\/index.php?rest_route=\/wp\/v2\/media\/23816"}],"wp:attachment":[{"href":"https:\/\/voranews.al\/index.php?rest_route=%2Fwp%2Fv2%2Fmedia&parent=23814"}],"wp:term":[{"taxonomy":"category","embeddable":true,"href":"https:\/\/voranews.al\/index.php?rest_route=%2Fwp%2Fv2%2Fcategories&post=23814"},{"taxonomy":"post_tag","embeddable":true,"href":"https:\/\/voranews.al\/index.php?rest_route=%2Fwp%2Fv2%2Ftags&post=23814"}],"curies":[{"name":"wp","href":"https:\/\/api.w.org\/{rel}","templated":true}]}}