{"id":23951,"date":"2026-02-16T12:34:42","date_gmt":"2026-02-16T11:34:42","guid":{"rendered":"https:\/\/voranews.al\/?p=23951"},"modified":"2026-02-16T12:34:44","modified_gmt":"2026-02-16T11:34:44","slug":"rama-nis-takimet-ne-kosove-mberrin-ne-zyren-e-presidentes-vjosa-osmani","status":"publish","type":"post","link":"https:\/\/voranews.al\/?p=23951","title":{"rendered":"Rama nis takimet n\u00eb Kosov\u00eb, mb\u00ebrrin n\u00eb zyr\u00ebn e Presidentes Vjosa Osmani"},"content":{"rendered":"\n<p>Kryeministri i Shqip\u00ebris\u00eb, Edi Rama, mb\u00ebrriti n\u00eb Presidenc\u00eb, ku prit nga Presidentja Vjosa Osmanin.<\/p>\n\n\n\n<p>Gjat\u00eb q\u00ebndrimit n\u00eb Prishtin\u00eb, Kryeministri Rama do t\u00eb takohet m\u00eb pas me Kryeministrin e Kosov\u00ebs, Albin Kurti.<\/p>\n\n\n\n<p>Kryeministri Rama do t\u00eb marr\u00eb pjes\u00eb n\u00eb promovimin e librit \u201cKur heshtja flet\u201d t\u00eb autorit Ahmet Shala, si edhe do t\u00eb mbaj\u00eb nj\u00eb leksion t\u00eb hapur me t\u00eb rinjt\u00eb e Universitetit \u201cHasan Prishtina\u201d dhe nx\u00ebn\u00ebsit e gjimnazit \u201cSami Frash\u00ebri\u201d.<\/p>\n","protected":false},"excerpt":{"rendered":"<p>Kryeministri i Shqip\u00ebris\u00eb, Edi Rama, mb\u00ebrriti n\u00eb Presidenc\u00eb, ku prit nga Presidentja Vjosa Osmanin. Gjat\u00eb q\u00ebndrimit n\u00eb Prishtin\u00eb, Kryeministri Rama do t\u00eb takohet m\u00eb pas me Kryeministrin e Kosov\u00ebs, Albin Kurti. Kryeministri Rama do t\u00eb marr\u00eb pjes\u00eb n\u00eb promovimin e librit \u201cKur heshtja flet\u201d t\u00eb autorit Ahmet Shala, si edhe do t\u00eb mbaj\u00eb nj\u00eb leksion &hellip;<\/p>\n","protected":false},"author":1,"featured_media":23952,"comment_status":"closed","ping_status":"closed","sticky":false,"template":"","format":"standard","meta":{"_jetpack_memberships_contains_paid_content":false,"footnotes":""},"categories":[4],"tags":[],"jetpack_sharing_enabled":true,"jetpack_featured_media_url":"https:\/\/voranews.al\/wp-content\/uploads\/2026\/02\/IMG_5101.webp","_links":{"self":[{"href":"https:\/\/voranews.al\/index.php?rest_route=\/wp\/v2\/posts\/23951"}],"collection":[{"href":"https:\/\/voranews.al\/index.php?rest_route=\/wp\/v2\/posts"}],"about":[{"href":"https:\/\/voranews.al\/index.php?rest_route=\/wp\/v2\/types\/post"}],"author":[{"embeddable":true,"href":"https:\/\/voranews.al\/index.php?rest_route=\/wp\/v2\/users\/1"}],"replies":[{"embeddable":true,"href":"https:\/\/voranews.al\/index.php?rest_route=%2Fwp%2Fv2%2Fcomments&post=23951"}],"version-history":[{"count":1,"href":"https:\/\/voranews.al\/index.php?rest_route=\/wp\/v2\/posts\/23951\/revisions"}],"predecessor-version":[{"id":23953,"href":"https:\/\/voranews.al\/index.php?rest_route=\/wp\/v2\/posts\/23951\/revisions\/23953"}],"wp:featuredmedia":[{"embeddable":true,"href":"https:\/\/voranews.al\/index.php?rest_route=\/wp\/v2\/media\/23952"}],"wp:attachment":[{"href":"https:\/\/voranews.al\/index.php?rest_route=%2Fwp%2Fv2%2Fmedia&parent=23951"}],"wp:term":[{"taxonomy":"category","embeddable":true,"href":"https:\/\/voranews.al\/index.php?rest_route=%2Fwp%2Fv2%2Fcategories&post=23951"},{"taxonomy":"post_tag","embeddable":true,"href":"https:\/\/voranews.al\/index.php?rest_route=%2Fwp%2Fv2%2Ftags&post=23951"}],"curies":[{"name":"wp","href":"https:\/\/api.w.org\/{rel}","templated":true}]}}