{"id":24035,"date":"2026-03-01T17:06:15","date_gmt":"2026-03-01T16:06:15","guid":{"rendered":"https:\/\/voranews.al\/?p=24035"},"modified":"2026-03-01T17:06:17","modified_gmt":"2026-03-01T16:06:17","slug":"u-rrezikuan-jete-njerezish-delegacioni-i-be-ne-tirane-denon-sulmet-me-molotove-ne-vilen-e-enver-hoxhes","status":"publish","type":"post","link":"https:\/\/voranews.al\/?p=24035","title":{"rendered":"\u201cU rrezikuan jet\u00eb njer\u00ebzish!\u201d, delegacioni i BE n\u00eb Tiran\u00eb d\u00ebnon sulmet me molotov\u00eb n\u00eb vil\u00ebn e Enver Hoxh\u00ebs"},"content":{"rendered":"\n<p>Delegacioni i Bashkimit Europian n\u00eb Shqip\u00ebri ka d\u00ebnuar dhun\u00ebn e militant\u00ebve t\u00eb Sali Berish\u00ebs gjat\u00eb protest\u00ebs s\u00eb mbr\u00ebmjes s\u00eb djeshme q\u00eb PD zhvilloi n\u00eb Tiran\u00eb, t\u00eb cil\u00ebt hodh\u00ebn molotov\u00eb n\u00eb vil\u00ebn e Enver Hoxh\u00ebs, sot qend\u00ebr kulturore, ku rrezikuan jet\u00ebn e disa artist\u00ebve q\u00eb ndodheshin brenda.<\/p>\n\n\n\n<p>P\u00ebrmes nj\u00eb reagimi n\u00eb rrjetet sociale, Delegacioni i BE-s\u00eb thekson se mb\u00ebshtet t\u00eb drejt\u00ebn p\u00ebr t\u00eb protestuar, por kjo e drejt\u00eb duhet t\u00eb ushtrohet n\u00eb p\u00ebrputhje me ligjin dhe t\u00eb mos c\u00ebnoj\u00eb sigurin\u00eb e t\u00eb tjer\u00ebve.<\/p>\n\n\n\n<p><strong>Reagimi i Delegacionit t\u00eb BE-s\u00eb n\u00eb Tiran\u00eb:<\/strong><\/p>\n\n\n\n<p>Delegacioni i Bashkimit Evropian thekson se e drejta p\u00ebr tubim paq\u00ebsor \u00ebsht\u00eb nj\u00eb shtyll\u00eb themelore e \u00e7do shoq\u00ebrie demokratike. Ajo duhet t\u00eb ushtrohet me p\u00ebrgjegj\u00ebsi, n\u00eb respekt t\u00eb plot\u00eb t\u00eb sundimit t\u00eb ligjit dhe t\u00eb siguris\u00eb s\u00eb t\u00eb gjith\u00eb individ\u00ebve.<\/p>\n\n\n\n<p>N\u00eb k\u00ebt\u00eb kontekst, Delegacioni i BE-s\u00eb shpreh shqet\u00ebsim p\u00ebr aktet e fundit t\u00eb dhun\u00ebs n\u00eb Tiran\u00eb, t\u00eb cilat rrezikuan jet\u00eb njer\u00ebzish.<\/p>\n\n\n\n<p>Delegacioni i BE-s\u00eb u b\u00ebn thirrje aktor\u00ebve politik\u00eb t\u00eb tregojn\u00eb vet\u00ebp\u00ebrmbajtje. Ne mb\u00ebshtesim angazhimin konstruktiv n\u00eb funksion t\u00eb reformave t\u00eb r\u00ebnd\u00ebsishme n\u00eb rrug\u00ebn e Shqip\u00ebris\u00eb drejt Bashkimit Evropian.<\/p>\n","protected":false},"excerpt":{"rendered":"<p>Delegacioni i Bashkimit Europian n\u00eb Shqip\u00ebri ka d\u00ebnuar dhun\u00ebn e militant\u00ebve t\u00eb Sali Berish\u00ebs gjat\u00eb protest\u00ebs s\u00eb mbr\u00ebmjes s\u00eb djeshme q\u00eb PD zhvilloi n\u00eb Tiran\u00eb, t\u00eb cil\u00ebt hodh\u00ebn molotov\u00eb n\u00eb vil\u00ebn e Enver Hoxh\u00ebs, sot qend\u00ebr kulturore, ku rrezikuan jet\u00ebn e disa artist\u00ebve q\u00eb ndodheshin brenda. P\u00ebrmes nj\u00eb reagimi n\u00eb rrjetet sociale, Delegacioni i BE-s\u00eb &hellip;<\/p>\n","protected":false},"author":1,"featured_media":24036,"comment_status":"closed","ping_status":"closed","sticky":false,"template":"","format":"standard","meta":{"_jetpack_memberships_contains_paid_content":false,"footnotes":""},"categories":[4],"tags":[],"jetpack_sharing_enabled":true,"jetpack_featured_media_url":"https:\/\/voranews.al\/wp-content\/uploads\/2026\/03\/IMG_5950-750x375-1.jpeg","_links":{"self":[{"href":"https:\/\/voranews.al\/index.php?rest_route=\/wp\/v2\/posts\/24035"}],"collection":[{"href":"https:\/\/voranews.al\/index.php?rest_route=\/wp\/v2\/posts"}],"about":[{"href":"https:\/\/voranews.al\/index.php?rest_route=\/wp\/v2\/types\/post"}],"author":[{"embeddable":true,"href":"https:\/\/voranews.al\/index.php?rest_route=\/wp\/v2\/users\/1"}],"replies":[{"embeddable":true,"href":"https:\/\/voranews.al\/index.php?rest_route=%2Fwp%2Fv2%2Fcomments&post=24035"}],"version-history":[{"count":1,"href":"https:\/\/voranews.al\/index.php?rest_route=\/wp\/v2\/posts\/24035\/revisions"}],"predecessor-version":[{"id":24037,"href":"https:\/\/voranews.al\/index.php?rest_route=\/wp\/v2\/posts\/24035\/revisions\/24037"}],"wp:featuredmedia":[{"embeddable":true,"href":"https:\/\/voranews.al\/index.php?rest_route=\/wp\/v2\/media\/24036"}],"wp:attachment":[{"href":"https:\/\/voranews.al\/index.php?rest_route=%2Fwp%2Fv2%2Fmedia&parent=24035"}],"wp:term":[{"taxonomy":"category","embeddable":true,"href":"https:\/\/voranews.al\/index.php?rest_route=%2Fwp%2Fv2%2Fcategories&post=24035"},{"taxonomy":"post_tag","embeddable":true,"href":"https:\/\/voranews.al\/index.php?rest_route=%2Fwp%2Fv2%2Ftags&post=24035"}],"curies":[{"name":"wp","href":"https:\/\/api.w.org\/{rel}","templated":true}]}}