{"id":24044,"date":"2026-03-04T10:39:35","date_gmt":"2026-03-04T09:39:35","guid":{"rendered":"https:\/\/voranews.al\/?p=24044"},"modified":"2026-03-04T10:39:37","modified_gmt":"2026-03-04T09:39:37","slug":"dhunoi-drejtorin-e-ekzekutimit-te-vendimeve-brenda-ikmt-se-shpallet-ne-kerkim-i-riu","status":"publish","type":"post","link":"https:\/\/voranews.al\/?p=24044","title":{"rendered":"Dhunoi drejtorin e ekzekutimit t\u00eb vendimeve brenda IKMT-s\u00eb, shpallet n\u00eb k\u00ebrkim i riu"},"content":{"rendered":"\n<p>Policia e Tiran\u00ebs ka shpallur n\u00eb k\u00ebrkim drejtorin e Mjedisit n\u00eb Inspektoriatin Komb\u00ebtar t\u00eb Mbrojtjes s\u00eb Territorit (IKMT), pas sherrit q\u00eb ndodhi nj\u00eb dit\u00eb m\u00eb par\u00eb brenda ambienteve t\u00eb k\u00ebtij institucioni.<\/p>\n\n\n\n<p>Sipas uniformave blu, i riu me inicialet K.\u00c7 ishte ndihmuar nga tre persona t\u00eb tjer\u00eb.<\/p>\n\n\n\n<p>\u201cSpecialist\u00ebt p\u00ebr Hetimin e Krimeve t\u00eb Komisariatit t\u00eb Policis\u00eb Nr. 6: shpall\u00ebn n\u00eb k\u00ebrkim shtetasin K. \u00c7., pasi dyshohet se dje, s\u00eb bashku me 3 shtetas ende t\u00eb paidentifikuar, ka goditur p\u00ebr shkak t\u00eb detyr\u00ebs shtetasin F. M., drejtor i Drejtoris\u00eb s\u00eb Ekzekutimit t\u00eb Vendimeve t\u00eb IKMT-s\u00eb, n\u00eb ambientet e k\u00ebtij institucioni. Punohet p\u00ebr sqarimin e plot\u00eb t\u00eb rrethanave t\u00eb rastit\u201d, b\u00ebjn\u00eb me dije uniformat blu k\u00ebt\u00eb t\u00eb m\u00ebrkur\u00eb.Incidenti u regjistrua t\u00eb mart\u00ebn e dat\u00ebs 2 mars, n\u00eb ambientet e Inspektoratit Komb\u00ebtar t\u00eb Mbrojtjes s\u00eb Territorit (IKMT) ku drejtori i Ekzekutimit t\u00eb Vendimeve u dhunua nga drejtori i Mjedisit n\u00eb k\u00ebt\u00eb institucion. Ky i fundit ishte i shoq\u00ebruar nga disa persona t\u00eb tjer\u00eb t\u00eb paidentifikuar ende nga Policia.<\/p>\n","protected":false},"excerpt":{"rendered":"<p>Policia e Tiran\u00ebs ka shpallur n\u00eb k\u00ebrkim drejtorin e Mjedisit n\u00eb Inspektoriatin Komb\u00ebtar t\u00eb Mbrojtjes s\u00eb Territorit (IKMT), pas sherrit q\u00eb ndodhi nj\u00eb dit\u00eb m\u00eb par\u00eb brenda ambienteve t\u00eb k\u00ebtij institucioni. Sipas uniformave blu, i riu me inicialet K.\u00c7 ishte ndihmuar nga tre persona t\u00eb tjer\u00eb. \u201cSpecialist\u00ebt p\u00ebr Hetimin e Krimeve t\u00eb Komisariatit t\u00eb Policis\u00eb &hellip;<\/p>\n","protected":false},"author":1,"featured_media":24045,"comment_status":"closed","ping_status":"closed","sticky":false,"template":"","format":"standard","meta":{"_jetpack_memberships_contains_paid_content":false,"footnotes":""},"categories":[4],"tags":[],"jetpack_sharing_enabled":true,"jetpack_featured_media_url":"https:\/\/voranews.al\/wp-content\/uploads\/2026\/03\/IMG_5281.png","_links":{"self":[{"href":"https:\/\/voranews.al\/index.php?rest_route=\/wp\/v2\/posts\/24044"}],"collection":[{"href":"https:\/\/voranews.al\/index.php?rest_route=\/wp\/v2\/posts"}],"about":[{"href":"https:\/\/voranews.al\/index.php?rest_route=\/wp\/v2\/types\/post"}],"author":[{"embeddable":true,"href":"https:\/\/voranews.al\/index.php?rest_route=\/wp\/v2\/users\/1"}],"replies":[{"embeddable":true,"href":"https:\/\/voranews.al\/index.php?rest_route=%2Fwp%2Fv2%2Fcomments&post=24044"}],"version-history":[{"count":1,"href":"https:\/\/voranews.al\/index.php?rest_route=\/wp\/v2\/posts\/24044\/revisions"}],"predecessor-version":[{"id":24046,"href":"https:\/\/voranews.al\/index.php?rest_route=\/wp\/v2\/posts\/24044\/revisions\/24046"}],"wp:featuredmedia":[{"embeddable":true,"href":"https:\/\/voranews.al\/index.php?rest_route=\/wp\/v2\/media\/24045"}],"wp:attachment":[{"href":"https:\/\/voranews.al\/index.php?rest_route=%2Fwp%2Fv2%2Fmedia&parent=24044"}],"wp:term":[{"taxonomy":"category","embeddable":true,"href":"https:\/\/voranews.al\/index.php?rest_route=%2Fwp%2Fv2%2Fcategories&post=24044"},{"taxonomy":"post_tag","embeddable":true,"href":"https:\/\/voranews.al\/index.php?rest_route=%2Fwp%2Fv2%2Ftags&post=24044"}],"curies":[{"name":"wp","href":"https:\/\/api.w.org\/{rel}","templated":true}]}}