{"id":24047,"date":"2026-03-04T16:57:12","date_gmt":"2026-03-04T15:57:12","guid":{"rendered":"https:\/\/voranews.al\/?p=24047"},"modified":"2026-03-04T16:57:14","modified_gmt":"2026-03-04T15:57:14","slug":"autoriteti-i-konkurrences-fillon-monitorimin-e-karburanteve-do-merren-masa","status":"publish","type":"post","link":"https:\/\/voranews.al\/?p=24047","title":{"rendered":"Autoriteti i Konkurrenc\u00ebs fillon monitorimin e karburanteve: Do merren masa"},"content":{"rendered":"\n<p>Autoriteti i Konkurrenc\u00ebs njofton se ka nisur monitorimin e tregut t\u00eb karburanteve me shumic\u00eb dhe me pakic\u00eb, me fokus t\u00eb ve\u00e7ant\u00eb tek \u00e7mimet e benzin\u00ebs dhe naft\u00ebs n\u00eb pikat e shitjes me pakic\u00eb.<\/p>\n\n\n\n<figure class=\"wp-block-image\"><img decoding=\"async\" src=\"https:\/\/ads.adsense.al\/www\/delivery\/lg.php?bannerid=0&amp;campaignid=0&amp;zoneid=104&amp;loc=https%3A%2F%2Fopinion.al%2Fcmimet-autoriteti-i-konkurrences-fillon-monitorimin-e-karburanteve-do-merren-masa%2F&amp;referer=http%3A%2F%2Fm.facebook.com%2F&amp;cb=da53604ed5\" alt=\"\"\/><\/figure>\n\n\n\n<p><\/p>\n\n\n\n<p>Autoriteti i Konkurrenc\u00ebs b\u00ebn me dije se t\u00eb gjitha nd\u00ebrmarrjet q\u00eb ushtrojn\u00eb veprimtarin\u00eb e tregtimit t\u00eb karburanteve jan\u00eb aktualisht n\u00ebn monitorim dhe se n\u00eb rast se v\u00ebrehen luhatje t\u00eb \u00e7mimeve q\u00eb tejkalojn\u00eb mas\u00ebn e ndryshimeve t\u00eb \u00e7mimeve n\u00eb bursat nd\u00ebrkomb\u00ebtare, Autoriteti, do t\u00eb nd\u00ebrmarr\u00eb masat e nevojshme sipas kompetencave t\u00eb tij.<\/p>\n\n\n\n<p>\u201cN\u00eb praktik\u00eb, \u00e7mimet e karburanteve n\u00eb tregjet nd\u00ebrkomb\u00ebtare p\u00ebrdit\u00ebsohen n\u00eb m\u00ebnyr\u00eb t\u00eb vazhdueshme, duke reflektuar faktor\u00eb si oferta, k\u00ebrkesa, kostot e p\u00ebrpunimit, si dhe zhvillime t\u00eb tjera ekonomike apo gjeopolitike. Si rrjedhoj\u00eb, sipas standardeve t\u00eb konkurrenc\u00ebs s\u00eb ndershme, pritet q\u00eb luhatjet e \u00e7mimeve n\u00eb tregun vendas t\u00eb ndjekin t\u00eb nj\u00ebjtin drejtim dhe t\u00eb jen\u00eb proporcionale me mas\u00ebn e ndryshimeve q\u00eb regjistrohen n\u00eb burs\u00eb. \u00c7do devijim i pajustifikuar, qoft\u00eb edhe rritje e pakoordinuar por m\u00eb e shpejt\u00eb apo m\u00eb e theksuar se ecuria e \u00e7mimeve nd\u00ebrkomb\u00ebtare, p\u00ebrb\u00ebn tregues t\u00eb mundsh\u00ebm t\u00eb sjelljeve jo konkurruese n\u00eb treg.<\/p>\n\n\n\n<p>Autoriteti i Konkurrenc\u00ebs thekson se nuk do t\u00eb toleroj\u00eb luhatje t\u00eb pajustifikuara t\u00eb \u00e7mimeve, praktika q\u00eb bien ndesh me logjik\u00ebn e tregut nd\u00ebrkomb\u00ebtar, si dhe asnj\u00eb form\u00eb t\u00eb mundshme koordinimi t\u00eb \u00e7mimeve, abuzimi me pozit\u00ebn dominuese apo praktikash t\u00eb bashk\u00ebrenduara mes operator\u00ebve t\u00eb tregut.<\/p>\n\n\n\n<p>Me k\u00ebt\u00eb proces monitorimi, Autoriteti synon t\u00eb garantoj\u00eb transparenc\u00eb, funksionim t\u00eb rregullt t\u00eb tregut dhe mbrojtjen e konsumator\u00ebve nga \u00e7mime t\u00eb padrejta apo nga sjellje q\u00eb cenojn\u00eb konkurrenc\u00ebn.<\/p>\n\n\n\n<p>Sqarojm\u00eb se, n\u00eb p\u00ebrputhje me misionin dhe kompetencat e p\u00ebrcaktuara p\u00ebr Autoritetin e Konkurrenc\u00ebs, t\u00eb gjitha monitorimet dhe procedurat e mundshme hetimore kryhen vet\u00ebm n\u00eb zbatim t\u00eb ligjit nr. 9121\/2003 \u201cP\u00ebr mbrojtjen e konkurrenc\u00ebs\u201d, pa u nd\u00ebrthurur me atributet q\u00eb i p\u00ebrkasin institucioneve t\u00eb tjera ligjzbatuese n\u00eb vend\u201d, thuhet n\u00eb njoftim.<\/p>\n","protected":false},"excerpt":{"rendered":"<p>Autoriteti i Konkurrenc\u00ebs njofton se ka nisur monitorimin e tregut t\u00eb karburanteve me shumic\u00eb dhe me pakic\u00eb, me fokus t\u00eb ve\u00e7ant\u00eb tek \u00e7mimet e benzin\u00ebs dhe naft\u00ebs n\u00eb pikat e shitjes me pakic\u00eb. Autoriteti i Konkurrenc\u00ebs b\u00ebn me dije se t\u00eb gjitha nd\u00ebrmarrjet q\u00eb ushtrojn\u00eb veprimtarin\u00eb e tregtimit t\u00eb karburanteve jan\u00eb aktualisht n\u00ebn monitorim dhe &hellip;<\/p>\n","protected":false},"author":1,"featured_media":24048,"comment_status":"closed","ping_status":"closed","sticky":false,"template":"","format":"standard","meta":{"_jetpack_memberships_contains_paid_content":false,"footnotes":""},"categories":[4],"tags":[],"jetpack_sharing_enabled":true,"jetpack_featured_media_url":"https:\/\/voranews.al\/wp-content\/uploads\/2026\/03\/IMG_5292.webp","_links":{"self":[{"href":"https:\/\/voranews.al\/index.php?rest_route=\/wp\/v2\/posts\/24047"}],"collection":[{"href":"https:\/\/voranews.al\/index.php?rest_route=\/wp\/v2\/posts"}],"about":[{"href":"https:\/\/voranews.al\/index.php?rest_route=\/wp\/v2\/types\/post"}],"author":[{"embeddable":true,"href":"https:\/\/voranews.al\/index.php?rest_route=\/wp\/v2\/users\/1"}],"replies":[{"embeddable":true,"href":"https:\/\/voranews.al\/index.php?rest_route=%2Fwp%2Fv2%2Fcomments&post=24047"}],"version-history":[{"count":1,"href":"https:\/\/voranews.al\/index.php?rest_route=\/wp\/v2\/posts\/24047\/revisions"}],"predecessor-version":[{"id":24049,"href":"https:\/\/voranews.al\/index.php?rest_route=\/wp\/v2\/posts\/24047\/revisions\/24049"}],"wp:featuredmedia":[{"embeddable":true,"href":"https:\/\/voranews.al\/index.php?rest_route=\/wp\/v2\/media\/24048"}],"wp:attachment":[{"href":"https:\/\/voranews.al\/index.php?rest_route=%2Fwp%2Fv2%2Fmedia&parent=24047"}],"wp:term":[{"taxonomy":"category","embeddable":true,"href":"https:\/\/voranews.al\/index.php?rest_route=%2Fwp%2Fv2%2Fcategories&post=24047"},{"taxonomy":"post_tag","embeddable":true,"href":"https:\/\/voranews.al\/index.php?rest_route=%2Fwp%2Fv2%2Ftags&post=24047"}],"curies":[{"name":"wp","href":"https:\/\/api.w.org\/{rel}","templated":true}]}}