{"id":24050,"date":"2026-03-04T20:56:05","date_gmt":"2026-03-04T19:56:05","guid":{"rendered":"https:\/\/voranews.al\/?p=24050"},"modified":"2026-03-04T20:56:07","modified_gmt":"2026-03-04T19:56:07","slug":"kantieret-90-jane-ne-shkelje-ikmt-kane-10-dite-afat-per-korrigjim-sula-kontroll-edhe-ne-tregje","status":"publish","type":"post","link":"https:\/\/voranews.al\/?p=24050","title":{"rendered":"Kantieret, 90% jan\u00eb n\u00eb shkelje\/ IKMT: Kan\u00eb 10 dit\u00eb afat p\u00ebr korrigjim. Sula: Kontroll edhe n\u00eb tregje"},"content":{"rendered":"\n<p>Inspektorati Komb\u00ebtar i Mbrojtjes s\u00eb Territorit ka nd\u00ebrmarr\u00eb nj\u00eb fushat\u00eb kontrolli n\u00eb kantieret e nd\u00ebrtimit n\u00eb Tiran\u00eb dhe nga 70 subjekte t\u00eb kontrolluara deri m\u00eb tani, gati 90% jan\u00eb konstatuar me shkelje n\u00eb drejtim t\u00eb siguris\u00eb teknike.<\/p>\n\n\n\n<p>N\u00eb nj\u00eb takim me shoqat\u00ebn e nd\u00ebrtuesve kryeinspektori i IKMT Afrim Qendro renditi edhe shkeljet.<\/p>\n\n\n\n<p><strong><em>\u201cIkmt nuk duhet t\u00eb shihet si nj\u00eb institucion gjobv\u00ebn\u00ebs. Kontrollet jan\u00eb shtrir\u00eb edhe n\u00eb golem, ku ka nj\u00eb intensitet t\u00eb konsideruesh\u00ebm nd\u00ebrtimi, nd\u00ebrsa m\u00eb pas do t\u00eb zgjerohen n\u00eb gjith\u00eb vendin.<\/em><\/strong><\/p>\n","protected":false},"excerpt":{"rendered":"<p>Inspektorati Komb\u00ebtar i Mbrojtjes s\u00eb Territorit ka nd\u00ebrmarr\u00eb nj\u00eb fushat\u00eb kontrolli n\u00eb kantieret e nd\u00ebrtimit n\u00eb Tiran\u00eb dhe nga 70 subjekte t\u00eb kontrolluara deri m\u00eb tani, gati 90% jan\u00eb konstatuar me shkelje n\u00eb drejtim t\u00eb siguris\u00eb teknike. N\u00eb nj\u00eb takim me shoqat\u00ebn e nd\u00ebrtuesve kryeinspektori i IKMT Afrim Qendro renditi edhe shkeljet. \u201cIkmt nuk duhet &hellip;<\/p>\n","protected":false},"author":1,"featured_media":24051,"comment_status":"closed","ping_status":"closed","sticky":false,"template":"","format":"standard","meta":{"_jetpack_memberships_contains_paid_content":false,"footnotes":""},"categories":[4],"tags":[],"jetpack_sharing_enabled":true,"jetpack_featured_media_url":"https:\/\/voranews.al\/wp-content\/uploads\/2026\/03\/IMG_5296.jpeg","_links":{"self":[{"href":"https:\/\/voranews.al\/index.php?rest_route=\/wp\/v2\/posts\/24050"}],"collection":[{"href":"https:\/\/voranews.al\/index.php?rest_route=\/wp\/v2\/posts"}],"about":[{"href":"https:\/\/voranews.al\/index.php?rest_route=\/wp\/v2\/types\/post"}],"author":[{"embeddable":true,"href":"https:\/\/voranews.al\/index.php?rest_route=\/wp\/v2\/users\/1"}],"replies":[{"embeddable":true,"href":"https:\/\/voranews.al\/index.php?rest_route=%2Fwp%2Fv2%2Fcomments&post=24050"}],"version-history":[{"count":1,"href":"https:\/\/voranews.al\/index.php?rest_route=\/wp\/v2\/posts\/24050\/revisions"}],"predecessor-version":[{"id":24052,"href":"https:\/\/voranews.al\/index.php?rest_route=\/wp\/v2\/posts\/24050\/revisions\/24052"}],"wp:featuredmedia":[{"embeddable":true,"href":"https:\/\/voranews.al\/index.php?rest_route=\/wp\/v2\/media\/24051"}],"wp:attachment":[{"href":"https:\/\/voranews.al\/index.php?rest_route=%2Fwp%2Fv2%2Fmedia&parent=24050"}],"wp:term":[{"taxonomy":"category","embeddable":true,"href":"https:\/\/voranews.al\/index.php?rest_route=%2Fwp%2Fv2%2Fcategories&post=24050"},{"taxonomy":"post_tag","embeddable":true,"href":"https:\/\/voranews.al\/index.php?rest_route=%2Fwp%2Fv2%2Ftags&post=24050"}],"curies":[{"name":"wp","href":"https:\/\/api.w.org\/{rel}","templated":true}]}}