{"id":24058,"date":"2026-03-05T20:53:38","date_gmt":"2026-03-05T19:53:38","guid":{"rendered":"https:\/\/voranews.al\/?p=24058"},"modified":"2026-03-05T20:53:40","modified_gmt":"2026-03-05T19:53:40","slug":"president-nga-populli-miratohen-amendamentet-kushtetuese-pritet-seance-e-jashtezakonshme-e-kuvendit","status":"publish","type":"post","link":"https:\/\/voranews.al\/?p=24058","title":{"rendered":"President nga populli! Miratohen amendamentet kushtetuese, pritet seanc\u00eb e jasht\u00ebzakonshme e Kuvendit"},"content":{"rendered":"\n<p>Komisioni p\u00ebr Legjislacion ka miratuar amendamentet kushtetuese p\u00ebr zgjedhjen e presidentit nga populli, t\u00eb propozuara nga presidentja Vjosa Osmani.<\/p>\n\n\n\n<p>M\u00ebsohet se gjasht\u00eb deputet\u00eb t\u00eb shumic\u00ebs parlamentare votuan pro, nd\u00ebrsa dy deputet\u00eb t\u00eb PDK-s\u00eb votuan kund\u00ebr. An\u00ebtari i LDK mungoi.<\/p>\n\n\n\n<p>Pas votimit n\u00eb komision, pritet q\u00eb Kuvendi t\u00eb th\u00ebrras\u00eb nj\u00eb seanc\u00eb t\u00eb jasht\u00ebzakonshme ku do t\u00eb shqyrtohen k\u00ebto amendamente kushtetuese.<\/p>\n","protected":false},"excerpt":{"rendered":"<p>Komisioni p\u00ebr Legjislacion ka miratuar amendamentet kushtetuese p\u00ebr zgjedhjen e presidentit nga populli, t\u00eb propozuara nga presidentja Vjosa Osmani. M\u00ebsohet se gjasht\u00eb deputet\u00eb t\u00eb shumic\u00ebs parlamentare votuan pro, nd\u00ebrsa dy deputet\u00eb t\u00eb PDK-s\u00eb votuan kund\u00ebr. An\u00ebtari i LDK mungoi. Pas votimit n\u00eb komision, pritet q\u00eb Kuvendi t\u00eb th\u00ebrras\u00eb nj\u00eb seanc\u00eb t\u00eb jasht\u00ebzakonshme ku do t\u00eb &hellip;<\/p>\n","protected":false},"author":1,"featured_media":24059,"comment_status":"closed","ping_status":"closed","sticky":false,"template":"","format":"standard","meta":{"_jetpack_memberships_contains_paid_content":false,"footnotes":""},"categories":[4],"tags":[],"jetpack_sharing_enabled":true,"jetpack_featured_media_url":"https:\/\/voranews.al\/wp-content\/uploads\/2026\/03\/IMG_5305.jpeg","_links":{"self":[{"href":"https:\/\/voranews.al\/index.php?rest_route=\/wp\/v2\/posts\/24058"}],"collection":[{"href":"https:\/\/voranews.al\/index.php?rest_route=\/wp\/v2\/posts"}],"about":[{"href":"https:\/\/voranews.al\/index.php?rest_route=\/wp\/v2\/types\/post"}],"author":[{"embeddable":true,"href":"https:\/\/voranews.al\/index.php?rest_route=\/wp\/v2\/users\/1"}],"replies":[{"embeddable":true,"href":"https:\/\/voranews.al\/index.php?rest_route=%2Fwp%2Fv2%2Fcomments&post=24058"}],"version-history":[{"count":1,"href":"https:\/\/voranews.al\/index.php?rest_route=\/wp\/v2\/posts\/24058\/revisions"}],"predecessor-version":[{"id":24060,"href":"https:\/\/voranews.al\/index.php?rest_route=\/wp\/v2\/posts\/24058\/revisions\/24060"}],"wp:featuredmedia":[{"embeddable":true,"href":"https:\/\/voranews.al\/index.php?rest_route=\/wp\/v2\/media\/24059"}],"wp:attachment":[{"href":"https:\/\/voranews.al\/index.php?rest_route=%2Fwp%2Fv2%2Fmedia&parent=24058"}],"wp:term":[{"taxonomy":"category","embeddable":true,"href":"https:\/\/voranews.al\/index.php?rest_route=%2Fwp%2Fv2%2Fcategories&post=24058"},{"taxonomy":"post_tag","embeddable":true,"href":"https:\/\/voranews.al\/index.php?rest_route=%2Fwp%2Fv2%2Ftags&post=24058"}],"curies":[{"name":"wp","href":"https:\/\/api.w.org\/{rel}","templated":true}]}}