{"id":24079,"date":"2026-03-08T18:39:52","date_gmt":"2026-03-08T17:39:52","guid":{"rendered":"https:\/\/voranews.al\/?p=24079"},"modified":"2026-03-08T18:39:54","modified_gmt":"2026-03-08T17:39:54","slug":"shi-dhe-shtrengata-ne-fillim-jave-ja-zonat-me-te-prekura-cfare-do-te-ndodhe-me-temperaturat","status":"publish","type":"post","link":"https:\/\/voranews.al\/?p=24079","title":{"rendered":"Shi dhe shtr\u00ebngata n\u00eb fillim jave, ja zonat m\u00eb t\u00eb prekura! \u00c7far\u00eb do t\u00eb ndodh\u00eb me temperaturat"},"content":{"rendered":"\n<p>Instituti i Gjeoshkencave ka ndar\u00eb nj\u00eb parashikim p\u00ebr or\u00ebt e pasdites s\u00eb k\u00ebsaj t\u00eb diele dhe fillimjav\u00ebn. Sipas t\u00eb dh\u00ebnave meteorologjike, pritet q\u00eb e h\u00ebna t\u00eb shoq\u00ebrohet me reshje shiu n\u00ebp\u00ebr qarqet e vendit.<\/p>\n\n\n\n<p>Po ashtu, parashikohet q\u00eb era t\u00eb fryj\u00eb e leht\u00eb deri n\u00eb mesatare.<\/p>\n\n\n\n<p><strong>Reshjet:<\/strong><\/p>\n\n\n\n<p>Sot pasdite (e diel, dat\u00eb 08) dhe nes\u00ebr (e h\u00ebn\u00eb, dat\u00eb 09) priten reshje t\u00eb dob\u00ebta deri lokalisht mesatare shoq\u00ebruar me shtr\u00ebngata n\u00eb qarkun Vlor\u00eb, nd\u00ebrsa n\u00eb qarqet Durr\u00ebs, Tiran\u00eb, Elbasan, Fier, Berat, Kor\u00e7\u00eb dhe Gjirokast\u00ebr priten reshje t\u00eb dob\u00ebta. N\u00eb qarqet e tjera priten reshje lokalisht t\u00eb dob\u00ebta.<\/p>\n\n\n\n<p><strong>Temperatura:<\/strong><\/p>\n\n\n\n<p>Nes\u00ebr temperaturat minimale dhe maksimale t\u00eb ajrit pritet t\u00eb arrijn\u00eb:<\/p>\n\n\n\n<p>n\u00eb bregdet: 9 \/ 18 \u00b0C<\/p>\n\n\n\n<p>n\u00eb vendet e ul\u00ebta: 8 \/ 18 \u00b0C<\/p>\n\n\n\n<p>n\u00eb vendet malore: 5 \/ 15 \u00b0C<\/p>\n\n\n\n<p><strong>Era:<\/strong><\/p>\n\n\n\n<p>Sot pasdite dhe nes\u00ebr era pritet t\u00eb fryj\u00eb e leht\u00eb deri mesatare n\u00eb bregdet<strong>.<\/strong><\/p>\n","protected":false},"excerpt":{"rendered":"<p>Instituti i Gjeoshkencave ka ndar\u00eb nj\u00eb parashikim p\u00ebr or\u00ebt e pasdites s\u00eb k\u00ebsaj t\u00eb diele dhe fillimjav\u00ebn. Sipas t\u00eb dh\u00ebnave meteorologjike, pritet q\u00eb e h\u00ebna t\u00eb shoq\u00ebrohet me reshje shiu n\u00ebp\u00ebr qarqet e vendit. Po ashtu, parashikohet q\u00eb era t\u00eb fryj\u00eb e leht\u00eb deri n\u00eb mesatare. Reshjet: Sot pasdite (e diel, dat\u00eb 08) dhe nes\u00ebr &hellip;<\/p>\n","protected":false},"author":1,"featured_media":24080,"comment_status":"closed","ping_status":"closed","sticky":false,"template":"","format":"standard","meta":{"_jetpack_memberships_contains_paid_content":false,"footnotes":""},"categories":[4],"tags":[],"jetpack_sharing_enabled":true,"jetpack_featured_media_url":"https:\/\/voranews.al\/wp-content\/uploads\/2026\/03\/640-0-1679144562xreshje-shiu-916-640x375-1.jpg","_links":{"self":[{"href":"https:\/\/voranews.al\/index.php?rest_route=\/wp\/v2\/posts\/24079"}],"collection":[{"href":"https:\/\/voranews.al\/index.php?rest_route=\/wp\/v2\/posts"}],"about":[{"href":"https:\/\/voranews.al\/index.php?rest_route=\/wp\/v2\/types\/post"}],"author":[{"embeddable":true,"href":"https:\/\/voranews.al\/index.php?rest_route=\/wp\/v2\/users\/1"}],"replies":[{"embeddable":true,"href":"https:\/\/voranews.al\/index.php?rest_route=%2Fwp%2Fv2%2Fcomments&post=24079"}],"version-history":[{"count":1,"href":"https:\/\/voranews.al\/index.php?rest_route=\/wp\/v2\/posts\/24079\/revisions"}],"predecessor-version":[{"id":24081,"href":"https:\/\/voranews.al\/index.php?rest_route=\/wp\/v2\/posts\/24079\/revisions\/24081"}],"wp:featuredmedia":[{"embeddable":true,"href":"https:\/\/voranews.al\/index.php?rest_route=\/wp\/v2\/media\/24080"}],"wp:attachment":[{"href":"https:\/\/voranews.al\/index.php?rest_route=%2Fwp%2Fv2%2Fmedia&parent=24079"}],"wp:term":[{"taxonomy":"category","embeddable":true,"href":"https:\/\/voranews.al\/index.php?rest_route=%2Fwp%2Fv2%2Fcategories&post=24079"},{"taxonomy":"post_tag","embeddable":true,"href":"https:\/\/voranews.al\/index.php?rest_route=%2Fwp%2Fv2%2Ftags&post=24079"}],"curies":[{"name":"wp","href":"https:\/\/api.w.org\/{rel}","templated":true}]}}