{"id":24360,"date":"2026-04-24T16:46:22","date_gmt":"2026-04-24T15:46:22","guid":{"rendered":"https:\/\/voranews.al\/?p=24360"},"modified":"2026-04-24T16:46:25","modified_gmt":"2026-04-24T15:46:25","slug":"kryengritja-me-e-fuqishme-qe-ka-njohur-vendi-berisha-njofton-daten-per-protesten-e-radhes-kombetare","status":"publish","type":"post","link":"https:\/\/voranews.al\/?p=24360","title":{"rendered":"Kryengritja m\u00eb e fuqishme q\u00eb ka njohur vendi\u201d\/ Berisha njofton dat\u00ebn p\u00ebr protest\u00ebn e radh\u00ebs komb\u00ebtare"},"content":{"rendered":"\n<p>Kreu i PD Sali Berisha ka njoftuar dat\u00ebn 8 maj p\u00ebr protest\u00ebn e radh\u00ebs komb\u00ebtare t\u00eb Partis\u00eb Demokratike.<\/p>\n\n\n\n<p>\u201cMe 8 maj shqiptar\u00ebt do t\u00eb mblidhen n\u00eb rrug\u00ebt dhe sheshet e Tiran\u00ebs n\u00eb kryengritjen e tyre m\u00eb t\u00eb fuqishme paq\u00ebsore.<\/p>\n\n\n\n<p>Jam sot p\u00ebr t\u00eb informuar shqiptar\u00ebt se me dat\u00ebn 8 maj, nj\u00eb dit\u00eb e r\u00ebnd\u00ebsishme, shqiptar\u00ebt do t\u00eb mblidhen n\u00eb rrug\u00ebt dhe sheshet e Tiran\u00ebs n\u00eb kryengritjen e tyre m\u00eb t\u00eb fuqishme paq\u00ebsore q\u00eb ka njohur vendi kund\u00ebr kreut t\u00eb organizat\u00ebs kriminale dhe regjimit t\u00eb tij, qeveris\u00eb s\u00eb tij.<br>Pra, kund\u00ebr Edi Ram\u00ebs dhe narkoministrave\u201d-tha Berisha.<\/p>\n","protected":false},"excerpt":{"rendered":"<p>Kreu i PD Sali Berisha ka njoftuar dat\u00ebn 8 maj p\u00ebr protest\u00ebn e radh\u00ebs komb\u00ebtare t\u00eb Partis\u00eb Demokratike. \u201cMe 8 maj shqiptar\u00ebt do t\u00eb mblidhen n\u00eb rrug\u00ebt dhe sheshet e Tiran\u00ebs n\u00eb kryengritjen e tyre m\u00eb t\u00eb fuqishme paq\u00ebsore. Jam sot p\u00ebr t\u00eb informuar shqiptar\u00ebt se me dat\u00ebn 8 maj, nj\u00eb dit\u00eb e r\u00ebnd\u00ebsishme, shqiptar\u00ebt &hellip;<\/p>\n","protected":false},"author":1,"featured_media":24361,"comment_status":"closed","ping_status":"closed","sticky":false,"template":"","format":"standard","meta":{"_jetpack_memberships_contains_paid_content":false,"footnotes":""},"categories":[4],"tags":[],"jetpack_sharing_enabled":true,"jetpack_featured_media_url":"https:\/\/voranews.al\/wp-content\/uploads\/2026\/04\/WhatsApp-Image-2026-04-24-at-12_sd.webp","_links":{"self":[{"href":"https:\/\/voranews.al\/index.php?rest_route=\/wp\/v2\/posts\/24360"}],"collection":[{"href":"https:\/\/voranews.al\/index.php?rest_route=\/wp\/v2\/posts"}],"about":[{"href":"https:\/\/voranews.al\/index.php?rest_route=\/wp\/v2\/types\/post"}],"author":[{"embeddable":true,"href":"https:\/\/voranews.al\/index.php?rest_route=\/wp\/v2\/users\/1"}],"replies":[{"embeddable":true,"href":"https:\/\/voranews.al\/index.php?rest_route=%2Fwp%2Fv2%2Fcomments&post=24360"}],"version-history":[{"count":1,"href":"https:\/\/voranews.al\/index.php?rest_route=\/wp\/v2\/posts\/24360\/revisions"}],"predecessor-version":[{"id":24362,"href":"https:\/\/voranews.al\/index.php?rest_route=\/wp\/v2\/posts\/24360\/revisions\/24362"}],"wp:featuredmedia":[{"embeddable":true,"href":"https:\/\/voranews.al\/index.php?rest_route=\/wp\/v2\/media\/24361"}],"wp:attachment":[{"href":"https:\/\/voranews.al\/index.php?rest_route=%2Fwp%2Fv2%2Fmedia&parent=24360"}],"wp:term":[{"taxonomy":"category","embeddable":true,"href":"https:\/\/voranews.al\/index.php?rest_route=%2Fwp%2Fv2%2Fcategories&post=24360"},{"taxonomy":"post_tag","embeddable":true,"href":"https:\/\/voranews.al\/index.php?rest_route=%2Fwp%2Fv2%2Ftags&post=24360"}],"curies":[{"name":"wp","href":"https:\/\/api.w.org\/{rel}","templated":true}]}}