{"id":24363,"date":"2026-04-26T15:27:54","date_gmt":"2026-04-26T14:27:54","guid":{"rendered":"https:\/\/voranews.al\/?p=24363"},"modified":"2026-04-26T15:27:56","modified_gmt":"2026-04-26T14:27:56","slug":"atentati-i-dyfishte-ne-balldre-te-lezhes-viktimat-burre-e-grua-trupat-ende-ne-makine","status":"publish","type":"post","link":"https:\/\/voranews.al\/?p=24363","title":{"rendered":"Atentati i dyfisht\u00eb n\u00eb Balldre t\u00eb Lezh\u00ebs, viktimat burr\u00eb e grua, trupat ende n\u00eb makin\u00eb"},"content":{"rendered":"\n<p>Dy persona dyshohet se jan\u00eb vrar\u00eb n\u00eb nj\u00eb atentat n\u00eb l\u00ebvizje sot n\u00eb Balldren t\u00eb Lezh\u00ebs.<\/p>\n\n\n\n<p>Nj\u00ebri nga viktimat \u00ebsht\u00eb identifikuar si Kreshnik Mujeci, i cili ndodhej me bashk\u00ebshorten n\u00eb makin\u00eb, e cila po ashtu ka mbetur e vdekur.<\/p>\n\n\n\n<p>Sipas pamjeve t\u00eb siguruara nga gazetarja e Top Channel, Brixhilda Deda, automjeti \u00ebsht\u00eb q\u00eblluar disa her\u00eb.<\/p>\n\n\n\n<p>Trupat e viktimave ndodhen ende n\u00eb automjet, nd\u00ebrsa nuk dihen ende autor\u00ebt ose rrethanat e ngjarjes.<\/p>\n\n\n\n<p>Policia \u00ebsht\u00eb n\u00eb vendngjarje dhe ka nisur hetimet.<\/p>\n","protected":false},"excerpt":{"rendered":"<p>Dy persona dyshohet se jan\u00eb vrar\u00eb n\u00eb nj\u00eb atentat n\u00eb l\u00ebvizje sot n\u00eb Balldren t\u00eb Lezh\u00ebs. Nj\u00ebri nga viktimat \u00ebsht\u00eb identifikuar si Kreshnik Mujeci, i cili ndodhej me bashk\u00ebshorten n\u00eb makin\u00eb, e cila po ashtu ka mbetur e vdekur. Sipas pamjeve t\u00eb siguruara nga gazetarja e Top Channel, Brixhilda Deda, automjeti \u00ebsht\u00eb q\u00eblluar disa her\u00eb. &hellip;<\/p>\n","protected":false},"author":1,"featured_media":24364,"comment_status":"closed","ping_status":"closed","sticky":false,"template":"","format":"standard","meta":{"_jetpack_memberships_contains_paid_content":false,"footnotes":""},"categories":[4],"tags":[],"jetpack_sharing_enabled":true,"jetpack_featured_media_url":"https:\/\/voranews.al\/wp-content\/uploads\/2026\/04\/vash.webp","_links":{"self":[{"href":"https:\/\/voranews.al\/index.php?rest_route=\/wp\/v2\/posts\/24363"}],"collection":[{"href":"https:\/\/voranews.al\/index.php?rest_route=\/wp\/v2\/posts"}],"about":[{"href":"https:\/\/voranews.al\/index.php?rest_route=\/wp\/v2\/types\/post"}],"author":[{"embeddable":true,"href":"https:\/\/voranews.al\/index.php?rest_route=\/wp\/v2\/users\/1"}],"replies":[{"embeddable":true,"href":"https:\/\/voranews.al\/index.php?rest_route=%2Fwp%2Fv2%2Fcomments&post=24363"}],"version-history":[{"count":1,"href":"https:\/\/voranews.al\/index.php?rest_route=\/wp\/v2\/posts\/24363\/revisions"}],"predecessor-version":[{"id":24365,"href":"https:\/\/voranews.al\/index.php?rest_route=\/wp\/v2\/posts\/24363\/revisions\/24365"}],"wp:featuredmedia":[{"embeddable":true,"href":"https:\/\/voranews.al\/index.php?rest_route=\/wp\/v2\/media\/24364"}],"wp:attachment":[{"href":"https:\/\/voranews.al\/index.php?rest_route=%2Fwp%2Fv2%2Fmedia&parent=24363"}],"wp:term":[{"taxonomy":"category","embeddable":true,"href":"https:\/\/voranews.al\/index.php?rest_route=%2Fwp%2Fv2%2Fcategories&post=24363"},{"taxonomy":"post_tag","embeddable":true,"href":"https:\/\/voranews.al\/index.php?rest_route=%2Fwp%2Fv2%2Ftags&post=24363"}],"curies":[{"name":"wp","href":"https:\/\/api.w.org\/{rel}","templated":true}]}}