{"id":24373,"date":"2026-04-27T16:34:15","date_gmt":"2026-04-27T15:34:15","guid":{"rendered":"https:\/\/voranews.al\/?p=24373"},"modified":"2026-04-27T16:34:16","modified_gmt":"2026-04-27T15:34:16","slug":"marreveshje-per-standardizimin-e-statistikave-ne-drejtesi-gogu-jep-detajet-unifikim-i-te-dhenave-sistemi-do-behet-me-i-matshem","status":"publish","type":"post","link":"https:\/\/voranews.al\/?p=24373","title":{"rendered":"Marr\u00ebveshje p\u00ebr standardizimin e statistikave n\u00eb drejt\u00ebsi, Gogu jep detajet: Unifikim i t\u00eb dh\u00ebnave, sistemi do b\u00ebhet m\u00eb i matsh\u00ebm"},"content":{"rendered":"\n<p>Institucionet e drejt\u00ebsis\u00eb kan\u00eb firmosur nj\u00eb marr\u00ebveshje p\u00ebr standardizimin e statistikave n\u00eb sistemin e drejt\u00ebsis\u00eb, me synim unifikimin e m\u00ebnyr\u00ebs s\u00eb mbledhjes dhe interpretimit t\u00eb t\u00eb dh\u00ebnave mes institucioneve t\u00eb ndryshme.<\/p>\n\n\n\n<p>Ministri i Drejt\u00ebsis\u00eb, Toni Gogu, deklaroi se aktualisht ekziston nj\u00eb problem real me munges\u00ebn e t\u00eb dh\u00ebnave t\u00eb unifikuara n\u00eb sistem, ku institucionet i interpretojn\u00eb ndryshe t\u00eb nj\u00ebjtat statistika.<\/p>\n\n\n\n<p><em>\u201cSot adresojm\u00eb nj\u00eb problem real t\u00eb sistemit dhe nuk kemi nj\u00eb t\u00eb v\u00ebrtet\u00eb t\u00eb vetme t\u00eb t\u00eb dh\u00ebnave q\u00eb prodhon sistemi. Kemi disa t\u00eb v\u00ebrteta dhe duam t\u2019i adresojm\u00eb n\u00eb nj\u00eb t\u00eb p\u00ebrbashk\u00ebt,\u201d u shpreh Gogu.<\/em><\/p>\n\n\n\n<p>Ai theksoi se mungesa e standardizimit krijon mosp\u00ebrputhje n\u00eb m\u00ebnyr\u00ebn si kuptohen dhe klasifikohen \u00e7\u00ebshtjet, duke b\u00ebr\u00eb t\u00eb domosdosh\u00ebm nj\u00eb sistem t\u00eb unifikuar.<\/p>\n\n\n\n<p>Sipas ministrit, marr\u00ebveshja e re synon t\u00eb mund\u00ebsoj\u00eb matje m\u00eb t\u00eb sakt\u00eb t\u00eb koh\u00ebzgjatjes s\u00eb proceseve gjyq\u00ebsore, trajtimin e stokut t\u00eb \u00e7\u00ebshtjeve n\u00eb m\u00ebnyr\u00eb t\u00eb nj\u00ebtrajtshme dhe identifikimin m\u00eb t\u00eb qart\u00eb t\u00eb problematikave n\u00eb sistem.<\/p>\n\n\n\n<p><em>\u201cM\u00ebnyra se si klasifikojm\u00eb t\u00eb dh\u00ebnat nuk \u00ebsht\u00eb e standardizuar. Ndryshe i kupton gjykata, ndryshe ministria, ndryshe prokuroria dhe na duhet nj\u00eb sistem i unifikuar. Me marr\u00ebveshjen e sotme do t\u00eb dim\u00eb me sakt\u00ebsi sa koh\u00eb do t\u00eb zgjas\u00eb nj\u00eb \u00e7\u00ebshtje, stokun do ta trajtojm\u00eb t\u00eb gjith\u00eb n\u00eb t\u00eb nj\u00ebjt\u00ebn m\u00ebnyr\u00eb dhe k\u00ebshtu do kuptojm\u00eb se ku duhet t\u00eb nd\u00ebrhyjm\u00eb\u201d, tha Gogu.<\/em><\/p>\n\n\n\n<p>Kjo nism\u00eb \u00ebsht\u00eb edhe nj\u00eb hap n\u00eb procesin e integrimit europian dhe p\u00ebrmir\u00ebsimit t\u00eb administrimit t\u00eb drejt\u00ebsis\u00eb n\u00eb vend.<\/p>\n\n\n\n<p><em>\u201cMinistria e Drejt\u00ebsis\u00eb duhet t\u00eb b\u00ebj\u00eb politika t\u00eb duhura n\u00eb m\u00ebnyr\u00eb q\u00eb t\u00eb adresoj\u00eb problemet se ku nuk funksionon sistemi. P\u00ebrfitimi kryesor \u00ebsht\u00eb p\u00ebr qytetar\u00ebt, se kur dhe ku do ndodh\u00eb \u00e7\u00ebshtja e tyre. Sistemi do b\u00ebhet m\u00eb i parashikuesh\u00ebm sepse do t\u00eb jet\u00eb m\u00eb i matsh\u00ebm. K\u00ebto marr\u00ebveshje synojn\u00eb edhe procesin e integrimit n\u00eb BE\u201d, p\u00ebrfundoi ministri.<\/em><\/p>\n","protected":false},"excerpt":{"rendered":"<p>Institucionet e drejt\u00ebsis\u00eb kan\u00eb firmosur nj\u00eb marr\u00ebveshje p\u00ebr standardizimin e statistikave n\u00eb sistemin e drejt\u00ebsis\u00eb, me synim unifikimin e m\u00ebnyr\u00ebs s\u00eb mbledhjes dhe interpretimit t\u00eb t\u00eb dh\u00ebnave mes institucioneve t\u00eb ndryshme. Ministri i Drejt\u00ebsis\u00eb, Toni Gogu, deklaroi se aktualisht ekziston nj\u00eb problem real me munges\u00ebn e t\u00eb dh\u00ebnave t\u00eb unifikuara n\u00eb sistem, ku institucionet i &hellip;<\/p>\n","protected":false},"author":1,"featured_media":24374,"comment_status":"closed","ping_status":"closed","sticky":false,"template":"","format":"standard","meta":{"_jetpack_memberships_contains_paid_content":false,"footnotes":""},"categories":[4],"tags":[],"jetpack_sharing_enabled":true,"jetpack_featured_media_url":"https:\/\/voranews.al\/wp-content\/uploads\/2026\/04\/Screenshot_1-5-735x375-1.jpg","_links":{"self":[{"href":"https:\/\/voranews.al\/index.php?rest_route=\/wp\/v2\/posts\/24373"}],"collection":[{"href":"https:\/\/voranews.al\/index.php?rest_route=\/wp\/v2\/posts"}],"about":[{"href":"https:\/\/voranews.al\/index.php?rest_route=\/wp\/v2\/types\/post"}],"author":[{"embeddable":true,"href":"https:\/\/voranews.al\/index.php?rest_route=\/wp\/v2\/users\/1"}],"replies":[{"embeddable":true,"href":"https:\/\/voranews.al\/index.php?rest_route=%2Fwp%2Fv2%2Fcomments&post=24373"}],"version-history":[{"count":1,"href":"https:\/\/voranews.al\/index.php?rest_route=\/wp\/v2\/posts\/24373\/revisions"}],"predecessor-version":[{"id":24375,"href":"https:\/\/voranews.al\/index.php?rest_route=\/wp\/v2\/posts\/24373\/revisions\/24375"}],"wp:featuredmedia":[{"embeddable":true,"href":"https:\/\/voranews.al\/index.php?rest_route=\/wp\/v2\/media\/24374"}],"wp:attachment":[{"href":"https:\/\/voranews.al\/index.php?rest_route=%2Fwp%2Fv2%2Fmedia&parent=24373"}],"wp:term":[{"taxonomy":"category","embeddable":true,"href":"https:\/\/voranews.al\/index.php?rest_route=%2Fwp%2Fv2%2Fcategories&post=24373"},{"taxonomy":"post_tag","embeddable":true,"href":"https:\/\/voranews.al\/index.php?rest_route=%2Fwp%2Fv2%2Ftags&post=24373"}],"curies":[{"name":"wp","href":"https:\/\/api.w.org\/{rel}","templated":true}]}}