{"id":24379,"date":"2026-04-28T16:55:56","date_gmt":"2026-04-28T15:55:56","guid":{"rendered":"https:\/\/voranews.al\/?p=24379"},"modified":"2026-04-28T16:55:58","modified_gmt":"2026-04-28T15:55:58","slug":"kurti-akuza-opozites-per-bllokimin-e-presidentit-ne-i-beme-perpjekjet-qe-kosova-te-mos-shkoje-ne-zgjedhje-morem-refuzime","status":"publish","type":"post","link":"https:\/\/voranews.al\/?p=24379","title":{"rendered":"Kurti akuza opozit\u00ebs p\u00ebr bllokimin e Presidentit: Ne i b\u00ebm\u00eb p\u00ebrpjekjet q\u00eb Kosova t\u00eb mos shkoj\u00eb n\u00eb zgjedhje, mor\u00ebm refuzime"},"content":{"rendered":"\n<p>Opozita ka&nbsp;vet\u00ebm nj\u00eb q\u00ebllim, bllokimin e qeverisjes son\u00eb me rezultat historik. K\u00ebshtu u shpreh kryeministri i Kosov\u00ebs Albin Kurti, pas d\u00ebshtimit t\u00eb dy seancave n\u00eb Kuvend p\u00ebr zgjedhjen e presidentit.<\/p>\n\n\n\n<p>N\u00eb nj\u00eb konferenc\u00eb p\u00ebr media, kreu i ekzekutivit, tha se bojkotimi i seancave plenare p\u00ebrb\u00ebn veprim joshtet\u00ebror dhe antiinstitucional, duke e cil\u00ebsuar k\u00ebt\u00eb qasje si t\u00eb d\u00ebmshme p\u00ebr demokracin\u00eb dhe rendin institucional.<\/p>\n\n\n\n<p><em>\u201cKonsideroj se \u00ebsht\u00eb b\u00ebr\u00eb mjaftuesh\u00ebm e qart\u00eb q\u00eb opozita n\u00eb Kosov\u00eb nuk ka q\u00ebllim tjet\u00ebr p\u00ebrve\u00e7 se bllokimit. Tash e sa koh\u00eb sjelljet e k\u00ebsaj opozite jan\u00eb kryek\u00ebput jo shtet\u00ebrore dhe anti-institucionaliste. Ajo \u00ebsht\u00eb e interesuar vet\u00ebm nj\u00eb gj\u00eb, bllokimin e qeverisjes son\u00eb, e cila n\u00eb akt mandat ka rezultat historik. N\u00eb k\u00ebto rrethana e gjith\u00eb kjo bllokad\u00eb opozitare p\u00ebrmes bojkotit t\u00eb seancave plenare nuk mund te quhet ndryshe pos mosnjohje e rezultatit zgjedhore dhe vullnetit popullor t\u00eb shprehur qart\u00eb m\u00eb 28 dhjetor t\u00eb vitit q\u00eb lam\u00eb m\u00eb pas\u201d,<\/em>&nbsp;u shpreh Kurti.<\/p>\n\n\n\n<p>Ai tha se qeveria i ka b\u00ebr\u00eb t\u00eb gjitha p\u00ebrpjekjet q\u00eb Kosova mos shkoj\u00eb n\u00eb zgjedhjet e parakohshme, por ka marr\u00eb vet\u00ebm refuzime.<\/p>\n\n\n\n<p><em>\u201cDuan t\u00eb kund\u00ebrshtojn\u00eb pakon ekonomike p\u00ebr qytetar\u00ebt, bashk\u00eb me list\u00ebn serbe. Ne i kemi b\u00ebr\u00eb t\u00eb gjitha p\u00ebrpjekjet q\u00eb Kosova mos shkoj\u00eb n\u00eb zgjedhjet e parakohshme. Mor\u00ebm vet\u00ebm refuzime, ne b\u00ebjm\u00eb propozime. Abdixhiku e Hamza nuk soll\u00ebn asnj\u00eb em\u00ebr. PDK e LDK mund t\u00eb propozojn\u00eb 1 kandidat se aq deputet\u00eb kan\u00eb. As n\u00eb Debat dje nuk erdh\u00ebn Konjufca e Koll\u00e7aku hap\u00ebn rrug\u00ebn, u t\u00ebrhoq\u00ebn. Ofruam Feride Rushitin e Harixhe Hoxh\u00ebn Zonj\u00ebn Rushiti dje e kan\u00eb lavd\u00ebruar, nd\u00ebrsa sot futen skutave dhe e k\u00ebrc\u00ebnojn\u00eb doktoresh\u00ebn\u201d.<\/em><\/p>\n","protected":false},"excerpt":{"rendered":"<p>Opozita ka&nbsp;vet\u00ebm nj\u00eb q\u00ebllim, bllokimin e qeverisjes son\u00eb me rezultat historik. K\u00ebshtu u shpreh kryeministri i Kosov\u00ebs Albin Kurti, pas d\u00ebshtimit t\u00eb dy seancave n\u00eb Kuvend p\u00ebr zgjedhjen e presidentit. N\u00eb nj\u00eb konferenc\u00eb p\u00ebr media, kreu i ekzekutivit, tha se bojkotimi i seancave plenare p\u00ebrb\u00ebn veprim joshtet\u00ebror dhe antiinstitucional, duke e cil\u00ebsuar k\u00ebt\u00eb qasje si &hellip;<\/p>\n","protected":false},"author":1,"featured_media":24380,"comment_status":"closed","ping_status":"closed","sticky":false,"template":"","format":"standard","meta":{"_jetpack_memberships_contains_paid_content":false,"footnotes":""},"categories":[4],"tags":[],"jetpack_sharing_enabled":true,"jetpack_featured_media_url":"https:\/\/voranews.al\/wp-content\/uploads\/2026\/04\/900-0-1777388390x28-prill-ditari-ora-16-00c-cln-frame-77458-388-750x375-1.jpg","_links":{"self":[{"href":"https:\/\/voranews.al\/index.php?rest_route=\/wp\/v2\/posts\/24379"}],"collection":[{"href":"https:\/\/voranews.al\/index.php?rest_route=\/wp\/v2\/posts"}],"about":[{"href":"https:\/\/voranews.al\/index.php?rest_route=\/wp\/v2\/types\/post"}],"author":[{"embeddable":true,"href":"https:\/\/voranews.al\/index.php?rest_route=\/wp\/v2\/users\/1"}],"replies":[{"embeddable":true,"href":"https:\/\/voranews.al\/index.php?rest_route=%2Fwp%2Fv2%2Fcomments&post=24379"}],"version-history":[{"count":1,"href":"https:\/\/voranews.al\/index.php?rest_route=\/wp\/v2\/posts\/24379\/revisions"}],"predecessor-version":[{"id":24381,"href":"https:\/\/voranews.al\/index.php?rest_route=\/wp\/v2\/posts\/24379\/revisions\/24381"}],"wp:featuredmedia":[{"embeddable":true,"href":"https:\/\/voranews.al\/index.php?rest_route=\/wp\/v2\/media\/24380"}],"wp:attachment":[{"href":"https:\/\/voranews.al\/index.php?rest_route=%2Fwp%2Fv2%2Fmedia&parent=24379"}],"wp:term":[{"taxonomy":"category","embeddable":true,"href":"https:\/\/voranews.al\/index.php?rest_route=%2Fwp%2Fv2%2Fcategories&post=24379"},{"taxonomy":"post_tag","embeddable":true,"href":"https:\/\/voranews.al\/index.php?rest_route=%2Fwp%2Fv2%2Ftags&post=24379"}],"curies":[{"name":"wp","href":"https:\/\/api.w.org\/{rel}","templated":true}]}}