{"id":24382,"date":"2026-04-29T08:28:07","date_gmt":"2026-04-29T07:28:07","guid":{"rendered":"https:\/\/voranews.al\/?p=24382"},"modified":"2026-04-29T08:28:09","modified_gmt":"2026-04-29T07:28:09","slug":"kosova-pa-president-te-ri-shkon-ne-zgjedhje-te-parakohshme","status":"publish","type":"post","link":"https:\/\/voranews.al\/?p=24382","title":{"rendered":"Kosova pa President t\u00eb ri, shkon n\u00eb zgjedhje t\u00eb parakohshme"},"content":{"rendered":"\n<p>Kosova do t\u00eb shkoj\u00eb n\u00eb zgjedhje t\u00eb parakohshme.<\/p>\n\n\n\n<p>\u201cKuvendi konsiderohet i shp\u00ebrndar\u00eb dhe zgjedhjet do t\u00eb shpallen brenda afatit kushtetues\u201d, tha Albulena Haxhiu n\u00eb fund t\u00eb seanc\u00ebs p\u00ebr zgjedhjen e Presidentit t\u00eb ri, ku t\u00eb pranish\u00ebm ishin vet\u00ebm deputet\u00ebt e L\u00ebvizjes Vet\u00ebvendosje.<\/p>\n\n\n\n<p>Kryeministri Albin Kurti, n\u00eb nj\u00eb adresim nga foltorja e Kuvendit, shfryt\u00ebzoi minutat e fundit t\u00eb afatit kushtetues p\u00ebr zgjedhjen e Kreut t\u00eb Shtetit q\u00eb t\u00eb akuzoj\u00eb e faj\u00ebsoj\u00eb partit\u00eb opozitare p\u00ebr d\u00ebshtimin.<\/p>\n\n\n\n<p>Opozita refuzoi t\u00eb merrte pjes\u00eb n\u00eb seanc\u00eb.<\/p>\n\n\n\n<p>Edhe pozita dhe opozita kan\u00eb shk\u00ebmbyer m\u00eb her\u00ebt akuza ndaj nj\u00ebra-tjetr\u00ebs p\u00ebr shkuarjen n\u00eb zgjedhje.<\/p>\n","protected":false},"excerpt":{"rendered":"<p>Kosova do t\u00eb shkoj\u00eb n\u00eb zgjedhje t\u00eb parakohshme. \u201cKuvendi konsiderohet i shp\u00ebrndar\u00eb dhe zgjedhjet do t\u00eb shpallen brenda afatit kushtetues\u201d, tha Albulena Haxhiu n\u00eb fund t\u00eb seanc\u00ebs p\u00ebr zgjedhjen e Presidentit t\u00eb ri, ku t\u00eb pranish\u00ebm ishin vet\u00ebm deputet\u00ebt e L\u00ebvizjes Vet\u00ebvendosje. Kryeministri Albin Kurti, n\u00eb nj\u00eb adresim nga foltorja e Kuvendit, shfryt\u00ebzoi minutat e &hellip;<\/p>\n","protected":false},"author":1,"featured_media":24383,"comment_status":"closed","ping_status":"closed","sticky":false,"template":"","format":"standard","meta":{"_jetpack_memberships_contains_paid_content":false,"footnotes":""},"categories":[4],"tags":[],"jetpack_sharing_enabled":true,"jetpack_featured_media_url":"https:\/\/voranews.al\/wp-content\/uploads\/2026\/04\/IMG_5818.jpeg","_links":{"self":[{"href":"https:\/\/voranews.al\/index.php?rest_route=\/wp\/v2\/posts\/24382"}],"collection":[{"href":"https:\/\/voranews.al\/index.php?rest_route=\/wp\/v2\/posts"}],"about":[{"href":"https:\/\/voranews.al\/index.php?rest_route=\/wp\/v2\/types\/post"}],"author":[{"embeddable":true,"href":"https:\/\/voranews.al\/index.php?rest_route=\/wp\/v2\/users\/1"}],"replies":[{"embeddable":true,"href":"https:\/\/voranews.al\/index.php?rest_route=%2Fwp%2Fv2%2Fcomments&post=24382"}],"version-history":[{"count":1,"href":"https:\/\/voranews.al\/index.php?rest_route=\/wp\/v2\/posts\/24382\/revisions"}],"predecessor-version":[{"id":24384,"href":"https:\/\/voranews.al\/index.php?rest_route=\/wp\/v2\/posts\/24382\/revisions\/24384"}],"wp:featuredmedia":[{"embeddable":true,"href":"https:\/\/voranews.al\/index.php?rest_route=\/wp\/v2\/media\/24383"}],"wp:attachment":[{"href":"https:\/\/voranews.al\/index.php?rest_route=%2Fwp%2Fv2%2Fmedia&parent=24382"}],"wp:term":[{"taxonomy":"category","embeddable":true,"href":"https:\/\/voranews.al\/index.php?rest_route=%2Fwp%2Fv2%2Fcategories&post=24382"},{"taxonomy":"post_tag","embeddable":true,"href":"https:\/\/voranews.al\/index.php?rest_route=%2Fwp%2Fv2%2Ftags&post=24382"}],"curies":[{"name":"wp","href":"https:\/\/api.w.org\/{rel}","templated":true}]}}