{"id":24385,"date":"2026-04-29T11:07:24","date_gmt":"2026-04-29T10:07:24","guid":{"rendered":"https:\/\/voranews.al\/?p=24385"},"modified":"2026-04-29T11:07:26","modified_gmt":"2026-04-29T10:07:26","slug":"kafazi-eshte-si-hotel-me-5-yje-ndreca-komenton-deklaraten-e-prokurorit-dado-i-kerkuam-gjykates-qe-te-reagoje-por","status":"publish","type":"post","link":"https:\/\/voranews.al\/?p=24385","title":{"rendered":"\u2018Kafazi \u00ebsht\u00eb si hotel me 5 yje\u2019, Ndreca komenton deklarat\u00ebn e prokurorit Dado: I k\u00ebrkuam gjykat\u00ebs q\u00eb t\u00eb reagoj\u00eb, por\u2026"},"content":{"rendered":"\n<p>Gjykata e Posa\u00e7me e Apelit rr\u00ebzoi sot k\u00ebrkes\u00ebn e kryetarit t\u00eb Bashkis\u00eb s\u00eb Tiran\u00ebs, Erion Veliaj, p\u00ebr shfuqizimin e nj\u00eb vendimi t\u00eb Shkall\u00ebs s\u00eb Par\u00eb p\u00ebr pezullimin e afateve t\u00eb paraburgimit.<br>Avokati i tij mbrojt\u00ebs, Plarent Ndreca tha se pezullimi i afateve \u00ebsht\u00eb b\u00ebr\u00eb n\u00eb m\u00ebnyr\u00eb kolektive, duke e cil\u00ebsuar k\u00ebt\u00eb nj\u00eb veprim antikushtetues. P\u00ebr k\u00ebt\u00eb q\u00ebllim, pala mbrojt\u00ebse do ta ndjek\u00eb n\u00eb t\u00eb gjitha shkall\u00ebt e gjyq\u00ebsorit. Ai k\u00ebrkoi q\u00eb mos t\u00eb cenohen provat dixhitale t\u00eb pahapura nga gjykata.<\/p>\n\n\n\n<p><em>\u201c\u00cbsht\u00eb nj\u00eb standard me sa duket i vendosur n\u00eb gjykat\u00ebn e Shkall\u00ebs s\u00eb par\u00eb dhe t\u00eb Apelit kur pezullimi i afatit t\u00eb paraburgimit t\u00eb b\u00ebhet edhe p\u00ebr arsye q\u00eb nuk lidhen fare me personin n\u00eb akuz\u00eb, pra p\u00ebrkthehet n\u00eb nj\u00eb zgjatje t\u00eb afateve t\u00eb paraburgimit n\u00eb m\u00ebnyr\u00eb kolektive. Pra, nga sjellja e nj\u00eb t\u00eb pandehuri e p\u00ebson edhe nj\u00eb i bashk\u00ebpandehur, q\u00eb n\u00eb k\u00ebndv\u00ebshtrimin ton\u00eb \u00ebsht\u00eb nj\u00eb gj\u00eb absurde dhe antikushtetuese. Sigurisht, ne do i ndjekim t\u00eb jgith\u00eb shkall\u00ebt, deri n\u00eb Gjykat\u00ebn Kushtetuese dhe n\u00eb Strasburg, p\u00ebr t\u00eb zhb\u00ebr\u00eb k\u00ebt\u00eb lloj praktike e cila si\u00e7 thash\u00eb, duket e kal\u00e7ifikuar dhe \u00ebsh\u00ebt n\u00eb c\u00ebnim t\u00eb plot\u00eb t\u00eb lirive dhe t\u00eb drejtave t\u00eb njeriut. Arsyeja e dyt\u00eb pse ishim sot \u00ebsht\u00eb k\u00ebmb\u00ebngulja q\u00eb ne kemi n\u00eb lidhje me \u00e7\u00ebshtjen e themelit, p\u00ebr provat digjitale t\u00eb pahapura q\u00eb un\u00eb po k\u00ebrkoj nga sekretaria dhe kancelari q\u00eb t\u00eb mos preken pa prezenc\u00ebn ton\u00eb me nj\u00eb proces verbal dhe un\u00eb po k\u00ebrkoj q\u00eb t\u00eb mos c\u00ebnohet ajo prov\u00eb q\u00eb ne na jep t\u00eb drejt\u00ebn q\u00eb ne ta godasim n\u00eb gjykime m\u00eb t\u00eb larta, pra n\u00eb Gjykat\u00ebn e Apelit gjith\u00eb procesin i cili \u00ebsht\u00eb bazuar n\u00eb ca prova t\u00eb pahapura nga vet\u00eb gjykata., Pra gjykata ka marr\u00eb vendim, si\u00e7 e kam th\u00ebn\u00eb edhe n\u00eb gjykimin n\u00eb themel, ka marr\u00eb vendim p\u00ebr \u00e7\u00ebshtjen, pa i par\u00eb t\u00eb gjith\u00eb provat vet\u00eb. Kjo ishte nj\u00eb nd\u00ebr arsyet se pse isha sot dhe b\u00ebra nj\u00eb k\u00ebrkes\u00eb Sekretaris\u00eb, n\u00eb m\u00ebnyr\u00eb q\u00eb t\u00eb mos preken CD, pa prezenc\u00ebn ton\u00eb dhe pa u mbajtur proces verbal mbi situat\u00ebn faktike t\u00eb dosjes\u201d.<\/em><\/p>\n\n\n\n<p>Pyetje: Dje Gjyklata e Lart\u00eb i dha t\u00eb drejt\u00eb Ilir Beqjas p\u00ebr t\u2019 u gjykuar jasht\u00eb kafazit. A ju kjjo nj\u00eb shpres\u00eb p\u00ebr t\u00eb mbrojturin pre jush Erion Veliaj q\u00eb t\u00eb ndodh\u00eb e nj\u00ebjta gj\u00eb ?<\/p>\n\n\n\n<p>Ndreca: Kjo \u00ebsht\u00eb nj\u00eb shpres\u00eb p\u00ebr t\u00eb gjith\u00eb ata q\u00eb nuk paraqesin rrezikshm\u00ebri publike p\u00ebr t\u00eb mos q\u00ebndruar n\u00eb kafaz. Pra nuk \u00ebsht\u00eb thjesht \u00e7\u00ebshtja e zotit Veliaj apo e nj\u00eb emri tjet\u00ebr konkret \u00ebsht\u00eb p\u00ebr t\u00eb gjith\u00eb ata t\u00eb cil\u00ebt duhet ta ushtrojn\u00eb mbrojtjen e tyre n\u00eb m\u00ebnyr\u00eb efektive dhe t\u00eb lir\u00eb pran\u00eb avokatit t\u00eb tyre n\u00eb m\u00ebnyr\u00eb q\u00eb t\u00eb b\u00ebjn\u00eb nj\u00eb mbrojtje dinamike p\u00ebrball\u00eb prokuror\u00ebve dhe t\u00eb mos ket\u00eb pabarazi pal\u00ebsh n\u00eb proces. \u00cbsht\u00eb nj\u00eb element bazik i procesit t\u00eb rregullt ligjor dhe nj\u00eb parim i kushtetueses mbi t\u00eb cilin b\u00ebhen rregullat e loj\u00ebs n\u00eb nj\u00eb gjykim n\u00eb nj\u00eb vend q\u00eb \u00ebsht\u00eb, q\u00eb pretendohet t\u00eb jet\u00eb an\u00ebtar nes\u00ebr I bashkimit Europian<\/p>\n\n\n\n<p>Pyetje: A do ia k\u00ebrkoni ju trup\u00ebs s\u00eb re gjyq\u00ebsore q\u00eb Veliaj t\u00eb mos jet\u00eb m\u00eb n\u00eb kafaz?<\/p>\n\n\n\n<p>Ndreca: Sigurisht ne do t\u00eb k\u00ebrkojm\u00eb \u00e7do t\u00eb drejt\u00eb q\u00eb ne na takon nga parashikimet kushtetuese dhe nuk do t\u00eb ndalemi s\u00eb k\u00ebrkuari t\u00eb drejtat tona kushtetuese si \u00e7do qytetar I republik\u00ebs s\u00eb Shqip\u00ebris\u00eb<br>Pyetje: Ju sot kishit dhe seanc\u00ebn tuaj por zgjodh\u00ebt q\u00eb t\u00eb ishit I pranish\u00ebm n\u00eb apel. A \u00ebsht\u00eb m\u00eb i r\u00ebnd\u00ebsish\u00ebm pafaj\u00ebsia e Veliajt?<\/p>\n\n\n\n<p>Ndreca: P\u00ebr gjykimin tim kam caktuar avokat<\/p>\n\n\n\n<p>Pyetje: Do t\u00eb mbani nj\u00eb q\u00ebndrim apo do ti drejtoheni ILD p\u00ebr hotelin me 5 yje\u2026. Duket se jeni n\u00eb proces administrativ me Dadon<\/p>\n\n\n\n<p>Ndreca: N\u00eb proces administrativ jemi mbi legjitimimin e prokurorit, pra aft\u00ebsin\u00eb e tij p\u00ebr t\u00eb ushtruar pushtetin q\u00eb i ka dh\u00ebn\u00eb kushtetuta n\u00eb m\u00ebnyr\u00eb t\u00eb paautorizuar n\u00eb k\u00ebndv\u00ebshtrimin ton\u00eb. Sa I p\u00ebrket sjelljes s\u00eb prokurorit ne kemi artikuluar dhe n\u00eb seanc\u00eb i kemi k\u00ebrkuar dhe gjykat\u00ebs q\u00eb t\u00eb reagoj\u00eb, fatkeq\u00ebsisht gjykata nuk e pa t\u00eb arsyeshme q\u00eb t\u00eb reagoj\u00eb.<\/p>\n\n\n\n<p>Nd\u00ebrhyrje: I t\u00ebrhoqi v\u00ebmendjen<\/p>\n\n\n\n<p>Ndreca: jo p\u00ebr 5 yjet nuk m\u00eb rezulton q\u00eb I t\u00ebrhoqi v\u00ebmendje megjithat\u00eb n\u00ebse kjo ndodh p\u00ebr avokatet q\u00eb thjesht me I t\u00ebrheq v\u00ebmendje dakord I paska t\u00ebrheq v\u00ebmendje dhe e paska kryer detyr\u00ebn\u2026 Megjithat\u00eb ne e relatuam n\u00eb seanc\u00eb dhe un\u00eb mendoj q\u00eb ishte nj\u00eb shprehje cinike dhe krejt\u00ebsisht e pap\u00ebrshtatshme p\u00ebr rolin e prokurorit.<\/p>\n\n\n\n<p><\/p>\n\n\n\n<p><\/p>\n\n\n\n<p><\/p>\n\n\n\n<p><\/p>\n","protected":false},"excerpt":{"rendered":"<p>Gjykata e Posa\u00e7me e Apelit rr\u00ebzoi sot k\u00ebrkes\u00ebn e kryetarit t\u00eb Bashkis\u00eb s\u00eb Tiran\u00ebs, Erion Veliaj, p\u00ebr shfuqizimin e nj\u00eb vendimi t\u00eb Shkall\u00ebs s\u00eb Par\u00eb p\u00ebr pezullimin e afateve t\u00eb paraburgimit.Avokati i tij mbrojt\u00ebs, Plarent Ndreca tha se pezullimi i afateve \u00ebsht\u00eb b\u00ebr\u00eb n\u00eb m\u00ebnyr\u00eb kolektive, duke e cil\u00ebsuar k\u00ebt\u00eb nj\u00eb veprim antikushtetues. P\u00ebr k\u00ebt\u00eb &hellip;<\/p>\n","protected":false},"author":1,"featured_media":24386,"comment_status":"closed","ping_status":"closed","sticky":false,"template":"","format":"standard","meta":{"_jetpack_memberships_contains_paid_content":false,"footnotes":""},"categories":[4],"tags":[],"jetpack_sharing_enabled":true,"jetpack_featured_media_url":"https:\/\/voranews.al\/wp-content\/uploads\/2026\/04\/IMG_5819.jpeg","_links":{"self":[{"href":"https:\/\/voranews.al\/index.php?rest_route=\/wp\/v2\/posts\/24385"}],"collection":[{"href":"https:\/\/voranews.al\/index.php?rest_route=\/wp\/v2\/posts"}],"about":[{"href":"https:\/\/voranews.al\/index.php?rest_route=\/wp\/v2\/types\/post"}],"author":[{"embeddable":true,"href":"https:\/\/voranews.al\/index.php?rest_route=\/wp\/v2\/users\/1"}],"replies":[{"embeddable":true,"href":"https:\/\/voranews.al\/index.php?rest_route=%2Fwp%2Fv2%2Fcomments&post=24385"}],"version-history":[{"count":1,"href":"https:\/\/voranews.al\/index.php?rest_route=\/wp\/v2\/posts\/24385\/revisions"}],"predecessor-version":[{"id":24387,"href":"https:\/\/voranews.al\/index.php?rest_route=\/wp\/v2\/posts\/24385\/revisions\/24387"}],"wp:featuredmedia":[{"embeddable":true,"href":"https:\/\/voranews.al\/index.php?rest_route=\/wp\/v2\/media\/24386"}],"wp:attachment":[{"href":"https:\/\/voranews.al\/index.php?rest_route=%2Fwp%2Fv2%2Fmedia&parent=24385"}],"wp:term":[{"taxonomy":"category","embeddable":true,"href":"https:\/\/voranews.al\/index.php?rest_route=%2Fwp%2Fv2%2Fcategories&post=24385"},{"taxonomy":"post_tag","embeddable":true,"href":"https:\/\/voranews.al\/index.php?rest_route=%2Fwp%2Fv2%2Ftags&post=24385"}],"curies":[{"name":"wp","href":"https:\/\/api.w.org\/{rel}","templated":true}]}}