{"id":24391,"date":"2026-04-30T14:06:37","date_gmt":"2026-04-30T13:06:37","guid":{"rendered":"https:\/\/voranews.al\/?p=24391"},"modified":"2026-04-30T14:06:39","modified_gmt":"2026-04-30T13:06:39","slug":"aksident-ne-marikaj-makina-shperthen-ne-flake-ne-aksin-durres-vore","status":"publish","type":"post","link":"https:\/\/voranews.al\/?p=24391","title":{"rendered":"Aksident n\u00eb Marikaj, makina shp\u00ebrthen n\u00eb flak\u00eb n\u00eb aksin Durr\u00ebs-Vor\u00eb"},"content":{"rendered":"\n<p>Nj\u00eb aksident ka ndodhur mesdit\u00ebn e sotme n\u00eb Marikaj, n\u00eb aksin Durr\u00ebs-Vor\u00eb.<\/p>\n\n\n\n<p>Nga pamjet e siguruara nga Top Channel shihet makina e cila ka marr\u00eb flak\u00eb, pas p\u00ebrplasjes, teksa d\u00ebmet materiale jan\u00eb t\u00eb shumta.<\/p>\n\n\n\n<p>I pranish\u00ebm n\u00eb vendngjarje ka qen\u00eb prefekti i Qarkut t\u00eb Tiran\u00ebs, Shk\u00eblqim Hajdari, i cili u ka k\u00ebrkuar t\u00eb pranishm\u00ebve t\u00eb njoftojn\u00eb zjarrfik\u00ebsen dhe policin\u00eb.Pas nd\u00ebrhyrjes s\u00eb forcave zjarrfik\u00ebse \u00ebsht\u00eb b\u00ebr\u00eb e mundur shuarja e flak\u00ebve. Ende nuk dihet n\u00ebse ka t\u00eb l\u00ebnduar nga ngjarja.<\/p>\n","protected":false},"excerpt":{"rendered":"<p>Nj\u00eb aksident ka ndodhur mesdit\u00ebn e sotme n\u00eb Marikaj, n\u00eb aksin Durr\u00ebs-Vor\u00eb. Nga pamjet e siguruara nga Top Channel shihet makina e cila ka marr\u00eb flak\u00eb, pas p\u00ebrplasjes, teksa d\u00ebmet materiale jan\u00eb t\u00eb shumta. I pranish\u00ebm n\u00eb vendngjarje ka qen\u00eb prefekti i Qarkut t\u00eb Tiran\u00ebs, Shk\u00eblqim Hajdari, i cili u ka k\u00ebrkuar t\u00eb pranishm\u00ebve t\u00eb &hellip;<\/p>\n","protected":false},"author":1,"featured_media":24392,"comment_status":"closed","ping_status":"closed","sticky":false,"template":"","format":"standard","meta":{"_jetpack_memberships_contains_paid_content":false,"footnotes":""},"categories":[4],"tags":[],"jetpack_sharing_enabled":true,"jetpack_featured_media_url":"https:\/\/voranews.al\/wp-content\/uploads\/2026\/04\/makina-zjarr_sd.webp","_links":{"self":[{"href":"https:\/\/voranews.al\/index.php?rest_route=\/wp\/v2\/posts\/24391"}],"collection":[{"href":"https:\/\/voranews.al\/index.php?rest_route=\/wp\/v2\/posts"}],"about":[{"href":"https:\/\/voranews.al\/index.php?rest_route=\/wp\/v2\/types\/post"}],"author":[{"embeddable":true,"href":"https:\/\/voranews.al\/index.php?rest_route=\/wp\/v2\/users\/1"}],"replies":[{"embeddable":true,"href":"https:\/\/voranews.al\/index.php?rest_route=%2Fwp%2Fv2%2Fcomments&post=24391"}],"version-history":[{"count":1,"href":"https:\/\/voranews.al\/index.php?rest_route=\/wp\/v2\/posts\/24391\/revisions"}],"predecessor-version":[{"id":24393,"href":"https:\/\/voranews.al\/index.php?rest_route=\/wp\/v2\/posts\/24391\/revisions\/24393"}],"wp:featuredmedia":[{"embeddable":true,"href":"https:\/\/voranews.al\/index.php?rest_route=\/wp\/v2\/media\/24392"}],"wp:attachment":[{"href":"https:\/\/voranews.al\/index.php?rest_route=%2Fwp%2Fv2%2Fmedia&parent=24391"}],"wp:term":[{"taxonomy":"category","embeddable":true,"href":"https:\/\/voranews.al\/index.php?rest_route=%2Fwp%2Fv2%2Fcategories&post=24391"},{"taxonomy":"post_tag","embeddable":true,"href":"https:\/\/voranews.al\/index.php?rest_route=%2Fwp%2Fv2%2Ftags&post=24391"}],"curies":[{"name":"wp","href":"https:\/\/api.w.org\/{rel}","templated":true}]}}