{"id":24394,"date":"2026-04-30T19:54:56","date_gmt":"2026-04-30T18:54:56","guid":{"rendered":"https:\/\/voranews.al\/?p=24394"},"modified":"2026-04-30T19:54:57","modified_gmt":"2026-04-30T18:54:57","slug":"75-vjetori-i-krijimit-te-aviacionit-ushtarak-begaj-kapitull-i-ri-ne-transformimin-e-forces-ajrore","status":"publish","type":"post","link":"https:\/\/voranews.al\/?p=24394","title":{"rendered":"75-vjetori i krijimit t\u00eb Aviacionit Ushtarak, Begaj: Kapitull i ri n\u00eb transformimin e Forc\u00ebs Ajrore"},"content":{"rendered":"\n<p>N\u00eb baz\u00ebn ajrore taktike t\u00eb NATO-s n\u00eb Ku\u00e7ov\u00eb u zhvillua ceremonia e 75-vjetorit t\u00eb krijimit t\u00eb Aviacionit Ushtarak Shqiptar.<\/p>\n\n\n\n<p>N\u00eb k\u00ebt\u00eb ceremoni jubilare mor\u00ebn pjes\u00eb President i Republik\u00ebs Bajram Begaj, ministri i Mbrojtjes Ermal Nufi, ministri i Pun\u00ebve t\u00eb Brendshme Besfort Lamallari, ministri i Pushtetit Vendor Ervin Demo, Shefi i Shtabit t\u00eb P\u00ebrgjithsh\u00ebm i FA gjenerallejt\u00ebnant Arben Kingji, drejtues t\u00eb lart\u00eb t\u00eb Forcave t\u00eb Armatosura, p\u00ebrfaq\u00ebsues nga Shoqata e Veteran\u00ebve t\u00eb Aviacionit, familjar\u00eb t\u00eb D\u00ebshmor\u00ebve t\u00eb Atdheut etj.<\/p>\n\n\n\n<p>Presidenti i Republik\u00ebs Bajram Begaj gjat\u00eb fjal\u00ebs p\u00ebrsh\u00ebndet\u00ebse, vler\u00ebsoi se transformimi i Forc\u00ebs Ajrore nuk do t\u00eb kishte qen\u00eb i mundur pa mb\u00ebshtetjen e aleat\u00ebve duke theksuar partneritetin strategjik me Shtetet e Bashkuara t\u00eb Amerik\u00ebs.<\/p>\n\n\n\n<p>Duke folur p\u00ebr modernizimin e Forc\u00ebs Ajrore, Presidenti Begaj e cil\u00ebsoi planin si ambicioz dhe t\u00eb domosdosh\u00ebm.<\/p>\n\n\n\n<p>\u201cPlani i modernizimit t\u00eb Forc\u00ebs Ajrore \u00ebsht\u00eb ambicioz dhe i nevojsh\u00ebm. Modernizimi i flot\u00ebs me helikopter\u00eb, zhvillimi i kapaciteteve t\u00eb mbrojtjes ajrore t\u00eb bazuar n\u00eb tok\u00eb, GBAD, ngritja e Detashmentit t\u00eb Avion\u00ebve pa Pilot\u00eb, plot\u00ebsimi i sistemit t\u00eb integruar t\u00eb v\u00ebzhgimit ajror dhe transformimi i baz\u00ebs si Baz\u00eb Taktike Ajrore e NATO-s jan\u00eb investime me t\u00eb cilat ne kemi hapur nj\u00eb kapitull t\u00eb ri, nj\u00eb kapitull ku Forca Ajrore nuk \u00ebsht\u00eb vet\u00ebm garant i sovranitetit, por \u00ebsht\u00eb edhe kontribues aktiv n\u00eb sigurin\u00eb kolektive\u201d, u shpreh Presidenti Begaj.<\/p>\n\n\n\n<p>Ministri i Mbrojtjes Nufi foli p\u00ebr nj\u00eb investim t\u00eb r\u00ebnd\u00ebsish\u00ebm t\u00eb qeveris\u00eb shqiptare, rihapjen e Shkoll\u00ebs s\u00eb Aviacionit n\u00eb Vlor\u00eb pas dy dekadash. Shkolla e Aviacionit do t\u00eb p\u00ebrgatis\u00eb pilot\u00eb ushtarak\u00eb dhe civil\u00eb, si dhe kontrollor\u00eb ajror\u00eb duke ruajtur tradit\u00ebn e aviacionit ushtarak n\u00eb vend.<\/p>\n\n\n\n<p>\u201cRingritja e Shkoll\u00ebs s\u00eb Aviacionit \u00ebsht\u00eb nj\u00eb hap i domosdosh\u00ebm p\u00ebr t\u00eb garantuar vazhdim\u00ebsin\u00eb e tradit\u00ebs dhe p\u00ebrgatitjen e brezave t\u00eb rinj t\u00eb pilot\u00ebve dhe specialist\u00ebve\u201d, u shpreh ministri Nufi.<\/p>\n\n\n\n<p>M\u00eb tej, ministri i Mbrojtjes Nufi u shpreh se modernizimi i kapaciteteve ekzistuese \u00ebsht\u00eb prioritet strategjik, i lidhur drejtp\u00ebrdrejt me sigurin\u00eb komb\u00ebtare, duke n\u00ebnvizuar se po punohet p\u00ebr p\u00ebrmir\u00ebsimin e sistemeve t\u00eb radar\u00ebve dhe forcimin e mbrojtjes kund\u00ebrajrore.<\/p>\n\n\n\n<p>Sipas ministrit, baza ajrore taktike e Ku\u00e7ov\u00ebs mbetet nj\u00eb pik\u00eb ky\u00e7e strategjike p\u00ebr Shqip\u00ebrin\u00eb dhe p\u00ebr vet\u00eb Aleanc\u00ebn, q\u00eb rrit rolin e Shqip\u00ebris\u00eb n\u00eb rajon.<\/p>\n\n\n\n<p>\u201cModernizimi i kapaciteteve \u00ebsht\u00eb pik\u00ebrisht investimi n\u00eb mjete, n\u00eb teknologji dhe n\u00eb sisteme q\u00eb jan\u00eb thelb\u00ebsore p\u00ebr t\u00eb rritur gatishm\u00ebrin\u00eb dhe nd\u00ebrveprueshm\u00ebrin\u00eb me aleat\u00ebt tan\u00eb. Zhvillimi i kapaciteteve t\u00eb reja, sidomos i mjeteve pa pilot, modernizimi i sistemeve t\u00eb radar\u00ebve, forcimi i mbrojtjes kund\u00ebrajrore, si element\u00eb shum\u00eb t\u00eb r\u00ebnd\u00ebsish\u00ebm dhe krucial p\u00ebr realitetin e sot\u00ebm t\u00eb siguris\u00eb. Dhe s\u00eb fundmi, konsolidimi i aseteve strategjike, si baza ajrore e Ku\u00e7ov\u00ebs, ku ne sot kemi zgjedhur pik\u00ebrisht p\u00ebr t\u00eb b\u00ebr\u00eb festimin e 75-vjetorit t\u00eb Forc\u00ebs Ajrore, i cili nuk \u00ebsht\u00eb nj\u00eb aset vet\u00ebm komb\u00ebtar shqiptar, por \u00ebsht\u00eb edhe nj\u00eb aset p\u00ebr t\u00eb gjith\u00eb Aleanc\u00ebn Ushtarake t\u00eb NATO-s, nj\u00eb kontributor i paqes dhe nj\u00eb tregues i forc\u00ebs ushtarake\u201d, u shpreh ministri Nufi.<\/p>\n\n\n\n<p>Duke u ndalur te etapat e historis\u00eb s\u00eb transformimit t\u00eb Forc\u00ebs Ajrore, ministri i Mbrojtjes Nufi, vler\u00ebsoi kontributin e pilot\u00ebve, teknik\u00ebve dhe specialist\u00ebve q\u00eb kan\u00eb sh\u00ebrbyer me p\u00ebrkushtim e sakrific\u00eb, n\u00eb sh\u00ebrbim t\u00eb Atdheut, duke dh\u00ebn\u00eb edhe jet\u00ebn n\u00eb krye t\u00eb detyr\u00ebs.<\/p>\n\n\n\n<p>M\u00eb 24 prill 1951, u b\u00eb e mundur q\u00eb t\u00eb realizohej fluturimi i par\u00eb n\u00eb Hap\u00ebsir\u00ebn Ajrore t\u00eb Republik\u00ebs s\u00eb Shqip\u00ebris\u00eb e cila sh\u00ebnoi dhe dat\u00ebn zyrtare t\u00eb krijimit t\u00eb Aviacionit Luftarak Shqiptar.<\/p>\n\n\n\n<p>N\u00eb k\u00ebt\u00eb ngjarje historike, piloti i talentuar Pe\u00e7o Polena, realizoi fluturimin e par\u00eb me aeroplanin tip JAK-9P, t\u00eb montuar nga specialist\u00ebt shqiptar\u00eb.<\/p>\n\n\n\n<p>Po n\u00eb k\u00ebt\u00eb dit\u00eb, u krijua edhe formacioni i par\u00eb p\u00ebr k\u00ebt\u00eb arm\u00eb dhe u quajt Skuadrilja e par\u00eb Luftarake e Aviacionit, me komandant pilotin Baba\u00e7e Faiku e kompletuar me 12 avion\u00eb tip Jak-9 dhe dislokim n\u00eb aerodromin e Laprak\u00ebs n\u00eb Tiran\u00eb.<\/p>\n\n\n\n<figure class=\"wp-block-image\"><img decoding=\"async\" src=\"https:\/\/360grade.al\/wp-content\/uploads\/2026\/04\/9-34-1536x1025-1-779x520.jpg\" alt=\"\" class=\"wp-image-817289\"\/><\/figure>\n\n\n\n<figure class=\"wp-block-image\"><img decoding=\"async\" src=\"https:\/\/360grade.al\/wp-content\/uploads\/2026\/04\/16-13-1536x1025-1-779x520.jpg\" alt=\"\" class=\"wp-image-817287\"\/><\/figure>\n\n\n\n<p><\/p>\n\n\n\n<p><\/p>\n\n\n\n<p><\/p>\n\n\n\n<p><\/p>\n","protected":false},"excerpt":{"rendered":"<p>N\u00eb baz\u00ebn ajrore taktike t\u00eb NATO-s n\u00eb Ku\u00e7ov\u00eb u zhvillua ceremonia e 75-vjetorit t\u00eb krijimit t\u00eb Aviacionit Ushtarak Shqiptar. N\u00eb k\u00ebt\u00eb ceremoni jubilare mor\u00ebn pjes\u00eb President i Republik\u00ebs Bajram Begaj, ministri i Mbrojtjes Ermal Nufi, ministri i Pun\u00ebve t\u00eb Brendshme Besfort Lamallari, ministri i Pushtetit Vendor Ervin Demo, Shefi i Shtabit t\u00eb P\u00ebrgjithsh\u00ebm i FA &hellip;<\/p>\n","protected":false},"author":1,"featured_media":24395,"comment_status":"closed","ping_status":"closed","sticky":false,"template":"","format":"standard","meta":{"_jetpack_memberships_contains_paid_content":false,"footnotes":""},"categories":[4],"tags":[],"jetpack_sharing_enabled":true,"jetpack_featured_media_url":"https:\/\/voranews.al\/wp-content\/uploads\/2026\/04\/IMG_5842.jpeg","_links":{"self":[{"href":"https:\/\/voranews.al\/index.php?rest_route=\/wp\/v2\/posts\/24394"}],"collection":[{"href":"https:\/\/voranews.al\/index.php?rest_route=\/wp\/v2\/posts"}],"about":[{"href":"https:\/\/voranews.al\/index.php?rest_route=\/wp\/v2\/types\/post"}],"author":[{"embeddable":true,"href":"https:\/\/voranews.al\/index.php?rest_route=\/wp\/v2\/users\/1"}],"replies":[{"embeddable":true,"href":"https:\/\/voranews.al\/index.php?rest_route=%2Fwp%2Fv2%2Fcomments&post=24394"}],"version-history":[{"count":1,"href":"https:\/\/voranews.al\/index.php?rest_route=\/wp\/v2\/posts\/24394\/revisions"}],"predecessor-version":[{"id":24396,"href":"https:\/\/voranews.al\/index.php?rest_route=\/wp\/v2\/posts\/24394\/revisions\/24396"}],"wp:featuredmedia":[{"embeddable":true,"href":"https:\/\/voranews.al\/index.php?rest_route=\/wp\/v2\/media\/24395"}],"wp:attachment":[{"href":"https:\/\/voranews.al\/index.php?rest_route=%2Fwp%2Fv2%2Fmedia&parent=24394"}],"wp:term":[{"taxonomy":"category","embeddable":true,"href":"https:\/\/voranews.al\/index.php?rest_route=%2Fwp%2Fv2%2Fcategories&post=24394"},{"taxonomy":"post_tag","embeddable":true,"href":"https:\/\/voranews.al\/index.php?rest_route=%2Fwp%2Fv2%2Ftags&post=24394"}],"curies":[{"name":"wp","href":"https:\/\/api.w.org\/{rel}","templated":true}]}}