{"id":24397,"date":"2026-05-01T10:22:18","date_gmt":"2026-05-01T09:22:18","guid":{"rendered":"https:\/\/voranews.al\/?p=24397"},"modified":"2026-05-01T10:22:20","modified_gmt":"2026-05-01T09:22:20","slug":"u-kap-me-1000-fara-kanabis-ne-automjet-do-i-shiste-ne-tirane-arrestohet-31-vjecari","status":"publish","type":"post","link":"https:\/\/voranews.al\/?p=24397","title":{"rendered":"U kap me 1000 fara kanabis n\u00eb automjet, do i shiste n\u00eb Tiran\u00eb, arrestohet 31-vjecari"},"content":{"rendered":"\n<p>Nj\u00eb 31-vje\u00e7ar \u00ebsht\u00eb arrestuar n\u00eb Tiran\u00eb, pasi u kap me fara kanabisi n\u00eb mjetin e tij gati p\u00ebr t\u2019i shitur.<\/p>\n\n\n\n<p>Ai u arrestua gat\u00eb operacionit t\u00eb koduar \u201cProcesi\u201d, ku pas kontrolleve n\u00eb Rrug\u00ebn e Dafinave n\u00eb mjetin tip \u201cBenz\u201d me t\u00eb cilin po l\u00ebvizte iu gjet\u00ebn t\u00eb fshehura n\u00eb nj\u00eb qese 1000 fara kanabisi.<\/p>\n\n\n\n<p>N\u00eb pranga p\u00ebrfundoi 31-vje\u00e7ari R.A., nd\u00ebrsa farat narkotike dhe automjeti u sekuestruan si prova materiale.<\/p>\n\n\n\n<p>Materialet procedurale i jan\u00eb referuar Prokuroris\u00eb s\u00eb Tiran\u00ebs p\u00ebr veprime t\u00eb m\u00ebtejshme ligjore.<\/p>\n\n\n\n<p><\/p>\n\n\n\n<p><\/p>\n\n\n\n<p><\/p>\n\n\n\n<p><\/p>\n","protected":false},"excerpt":{"rendered":"<p>Nj\u00eb 31-vje\u00e7ar \u00ebsht\u00eb arrestuar n\u00eb Tiran\u00eb, pasi u kap me fara kanabisi n\u00eb mjetin e tij gati p\u00ebr t\u2019i shitur. Ai u arrestua gat\u00eb operacionit t\u00eb koduar \u201cProcesi\u201d, ku pas kontrolleve n\u00eb Rrug\u00ebn e Dafinave n\u00eb mjetin tip \u201cBenz\u201d me t\u00eb cilin po l\u00ebvizte iu gjet\u00ebn t\u00eb fshehura n\u00eb nj\u00eb qese 1000 fara kanabisi. N\u00eb &hellip;<\/p>\n","protected":false},"author":1,"featured_media":24398,"comment_status":"closed","ping_status":"closed","sticky":false,"template":"","format":"standard","meta":{"_jetpack_memberships_contains_paid_content":false,"footnotes":""},"categories":[4],"tags":[],"jetpack_sharing_enabled":true,"jetpack_featured_media_url":"https:\/\/voranews.al\/wp-content\/uploads\/2026\/05\/IMG_5849.jpeg","_links":{"self":[{"href":"https:\/\/voranews.al\/index.php?rest_route=\/wp\/v2\/posts\/24397"}],"collection":[{"href":"https:\/\/voranews.al\/index.php?rest_route=\/wp\/v2\/posts"}],"about":[{"href":"https:\/\/voranews.al\/index.php?rest_route=\/wp\/v2\/types\/post"}],"author":[{"embeddable":true,"href":"https:\/\/voranews.al\/index.php?rest_route=\/wp\/v2\/users\/1"}],"replies":[{"embeddable":true,"href":"https:\/\/voranews.al\/index.php?rest_route=%2Fwp%2Fv2%2Fcomments&post=24397"}],"version-history":[{"count":1,"href":"https:\/\/voranews.al\/index.php?rest_route=\/wp\/v2\/posts\/24397\/revisions"}],"predecessor-version":[{"id":24399,"href":"https:\/\/voranews.al\/index.php?rest_route=\/wp\/v2\/posts\/24397\/revisions\/24399"}],"wp:featuredmedia":[{"embeddable":true,"href":"https:\/\/voranews.al\/index.php?rest_route=\/wp\/v2\/media\/24398"}],"wp:attachment":[{"href":"https:\/\/voranews.al\/index.php?rest_route=%2Fwp%2Fv2%2Fmedia&parent=24397"}],"wp:term":[{"taxonomy":"category","embeddable":true,"href":"https:\/\/voranews.al\/index.php?rest_route=%2Fwp%2Fv2%2Fcategories&post=24397"},{"taxonomy":"post_tag","embeddable":true,"href":"https:\/\/voranews.al\/index.php?rest_route=%2Fwp%2Fv2%2Ftags&post=24397"}],"curies":[{"name":"wp","href":"https:\/\/api.w.org\/{rel}","templated":true}]}}