{"id":24400,"date":"2026-05-01T18:50:30","date_gmt":"2026-05-01T17:50:30","guid":{"rendered":"https:\/\/voranews.al\/?p=24400"},"modified":"2026-05-01T18:50:32","modified_gmt":"2026-05-01T17:50:32","slug":"veliaj-leter-ambasadave-perendimore-ne-tirane-kerkon-monitorim-te-seances-se-8-majit","status":"publish","type":"post","link":"https:\/\/voranews.al\/?p=24400","title":{"rendered":"Veliaj let\u00ebr ambasadave per\u00ebndimore n\u00eb Tiran\u00eb, k\u00ebrkon monitorim t\u00eb seanc\u00ebs s\u00eb 8 Majit"},"content":{"rendered":"\n<p><em>Kasowitz publikon letr\u00ebn e Kryetarit t\u00eb Bashkis\u00eb s\u00eb Tiran\u00ebs, Erion Veliaj, drejtuar Komunitetit Nd\u00ebrkomb\u00ebtar, ku k\u00ebrkon monitorim nd\u00ebrkomb\u00ebtar t\u00eb seanc\u00ebs gjyq\u00ebsore t\u00eb 8 Majit n\u00eb Shqip\u00ebri<\/em><\/p>\n\n\n\n<p>Kasowitz dhe Mishcon de Reya i dor\u00ebzuan nj\u00eb let\u00ebr zyrtare nga Erion Veliaj, Kryetar i Bashkis\u00eb s\u00eb Tiran\u00ebs, aktualisht n\u00eb paraburgim, p\u00ebrfaq\u00ebsuesve t\u00eb ambasadave t\u00eb huaja dhe organizatave t\u00eb tjera nd\u00ebrkomb\u00ebtare n\u00eb Shqip\u00ebri, duke i nxitur ata t\u00eb monitorojn\u00eb aktivisht seanc\u00ebn ky\u00e7e t\u00eb 8 majit 2026 para Gjykat\u00ebs Administrative n\u00eb Tiran\u00eb dhe duke k\u00ebrkuar q\u00eb procedura t\u00eb transmetohet drejtp\u00ebrdrejt, n\u00eb p\u00ebrputhje me praktikat e transparenc\u00ebs s\u00eb Gjykat\u00ebs Kushtetuese t\u00eb Shqip\u00ebris\u00eb.<\/p>\n\n\n\n<p>Seanca do t\u00eb shqyrtoj\u00eb n\u00ebse Ols Dado, prokurori kryesor n\u00eb \u00e7\u00ebshtjen penale t\u00eb Kryetarit Veliaj, \u00ebsht\u00eb em\u00ebruar n\u00eb m\u00ebnyr\u00eb t\u00eb ligjshme sipas legjislacionit shqiptar. N\u00eb letr\u00ebn e tij, Kryetari Veliaj parashtron nj\u00eb kontestim ligjor duke pretenduar se z. Dado nuk ka plot\u00ebsuar k\u00ebrkesat e detyrueshme t\u00eb kualifikimit \u2014 konkretisht, p\u00ebrfundimin e Shkoll\u00ebs s\u00eb Magjistratur\u00ebs ose marrjen e nj\u00eb p\u00ebrjashtimi t\u00eb ligjsh\u00ebm \u2014 duke e b\u00ebr\u00eb em\u00ebrimin dhe veprimet e tij si prokuror t\u00eb pavlefshme q\u00eb nga fillimi.<\/p>\n\n\n\n<p>Kryetari Veliaj paralajm\u00ebron se \u00e7\u00ebshtja mund t\u00eb hidhet posht\u00eb p\u00ebr arsye procedurale t\u00eb \u201clegjitimimit\u201d pa u shqyrtuar meritat, potencialisht n\u00eb nj\u00eb mjedis t\u00eb mbyllur t\u00eb mbrojtur nga v\u00ebmendja publike dhe nd\u00ebrkomb\u00ebtare. Ai argumenton se nj\u00eb rezultat i till\u00eb do t\u00eb ngrej\u00eb shqet\u00ebsime serioze mbi procedurat e duhura ligjore dhe sundimin e ligjit.<\/p>\n\n\n\n<p>\u201cKontestimi im ligjor nuk ka t\u00eb b\u00ebj\u00eb vet\u00ebm me mua apo z. Dado. \u00cbsht\u00eb nj\u00eb p\u00ebrpjekje p\u00ebr t\u00eb siguruar q\u00eb republika jon\u00eb t\u00eb ndjek\u00eb ligjin q\u00eb rregullon em\u00ebrimin e prokuror\u00ebve, dhe p\u00ebr t\u00eb korrigjuar \u00e7do gabim n\u00eb procesin e vetting-ut q\u00eb rezulton n\u00eb em\u00ebrimin e kandidat\u00ebve t\u00eb pakualifikuar,\u201d shkroi Kryetari Veliaj.<\/p>\n\n\n\n<p>Letra detajon m\u00eb tej pasojat e em\u00ebrimit t\u00eb nj\u00eb prokurori t\u00eb pakualifikuar si z. Dado, duke p\u00ebrfshir\u00eb paraburgimin e pacaktuar, aksesin e kufizuar te avokati dhe provat, dhe masat hetimore tep\u00ebr t\u00eb zgjeruara q\u00eb prekin familjen dhe jet\u00ebn personale t\u00eb Kryetarit Veliaj. Kryetari Veliaj u b\u00ebn thirrje p\u00ebrfaq\u00ebsuesve nd\u00ebrkomb\u00ebtar\u00eb t\u00eb marrin pjes\u00eb n\u00eb seanc\u00eb, t\u00eb monitorojn\u00eb procedurat dhe t\u00eb amplifikojn\u00eb \u00e7\u00ebshtjet n\u00eb nivel nd\u00ebrkomb\u00ebtar.<\/p>\n\n\n\n<p>Dan Fetterman, partner n\u00eb Kasowitz, shtoi: \u201cKjo \u00ebsht\u00eb nj\u00eb \u00e7\u00ebshtje themelore e sundimit t\u00eb ligjit. N\u00ebse nj\u00eb prokuror nuk ka kualifikimet ligjore p\u00ebr t\u00eb mbajtur detyr\u00ebn, \u00e7do veprim i nd\u00ebrmarr\u00eb n\u00ebn at\u00eb autoritet \u00ebsht\u00eb n\u00eb thelb i dyshimt\u00eb. Transparenca n\u00eb k\u00ebt\u00eb procedur\u00eb \u00ebsht\u00eb thelb\u00ebsore jo vet\u00ebm p\u00ebr t\u00eb drejtat e Kryetarit Veliaj, por edhe p\u00ebr besimin e publikut n\u00eb institucionet gjyq\u00ebsore t\u00eb Shqip\u00ebris\u00eb.\u201d<\/p>\n\n\n\n<p><\/p>\n","protected":false},"excerpt":{"rendered":"<p>Kasowitz publikon letr\u00ebn e Kryetarit t\u00eb Bashkis\u00eb s\u00eb Tiran\u00ebs, Erion Veliaj, drejtuar Komunitetit Nd\u00ebrkomb\u00ebtar, ku k\u00ebrkon monitorim nd\u00ebrkomb\u00ebtar t\u00eb seanc\u00ebs gjyq\u00ebsore t\u00eb 8 Majit n\u00eb Shqip\u00ebri Kasowitz dhe Mishcon de Reya i dor\u00ebzuan nj\u00eb let\u00ebr zyrtare nga Erion Veliaj, Kryetar i Bashkis\u00eb s\u00eb Tiran\u00ebs, aktualisht n\u00eb paraburgim, p\u00ebrfaq\u00ebsuesve t\u00eb ambasadave t\u00eb huaja dhe organizatave t\u00eb &hellip;<\/p>\n","protected":false},"author":1,"featured_media":24401,"comment_status":"closed","ping_status":"closed","sticky":false,"template":"","format":"standard","meta":{"_jetpack_memberships_contains_paid_content":false,"footnotes":""},"categories":[4],"tags":[],"jetpack_sharing_enabled":true,"jetpack_featured_media_url":"https:\/\/voranews.al\/wp-content\/uploads\/2026\/05\/ERION-VELIAJ-750x375-1.jpg","_links":{"self":[{"href":"https:\/\/voranews.al\/index.php?rest_route=\/wp\/v2\/posts\/24400"}],"collection":[{"href":"https:\/\/voranews.al\/index.php?rest_route=\/wp\/v2\/posts"}],"about":[{"href":"https:\/\/voranews.al\/index.php?rest_route=\/wp\/v2\/types\/post"}],"author":[{"embeddable":true,"href":"https:\/\/voranews.al\/index.php?rest_route=\/wp\/v2\/users\/1"}],"replies":[{"embeddable":true,"href":"https:\/\/voranews.al\/index.php?rest_route=%2Fwp%2Fv2%2Fcomments&post=24400"}],"version-history":[{"count":1,"href":"https:\/\/voranews.al\/index.php?rest_route=\/wp\/v2\/posts\/24400\/revisions"}],"predecessor-version":[{"id":24402,"href":"https:\/\/voranews.al\/index.php?rest_route=\/wp\/v2\/posts\/24400\/revisions\/24402"}],"wp:featuredmedia":[{"embeddable":true,"href":"https:\/\/voranews.al\/index.php?rest_route=\/wp\/v2\/media\/24401"}],"wp:attachment":[{"href":"https:\/\/voranews.al\/index.php?rest_route=%2Fwp%2Fv2%2Fmedia&parent=24400"}],"wp:term":[{"taxonomy":"category","embeddable":true,"href":"https:\/\/voranews.al\/index.php?rest_route=%2Fwp%2Fv2%2Fcategories&post=24400"},{"taxonomy":"post_tag","embeddable":true,"href":"https:\/\/voranews.al\/index.php?rest_route=%2Fwp%2Fv2%2Ftags&post=24400"}],"curies":[{"name":"wp","href":"https:\/\/api.w.org\/{rel}","templated":true}]}}