{"id":2552,"date":"2020-12-19T00:15:56","date_gmt":"2020-12-18T23:15:56","guid":{"rendered":"https:\/\/voranews.al\/?p=2552"},"modified":"2020-12-19T00:16:01","modified_gmt":"2020-12-18T23:16:01","slug":"sporti-shqiptar-ne-zi-ndahet-nga-jeta-ish-lojtari-i-partizanit","status":"publish","type":"post","link":"https:\/\/voranews.al\/?p=2552","title":{"rendered":"Sporti shqiptar n\u00eb zi, ndahet nga jeta ish-lojtari i Partizanit"},"content":{"rendered":"\n<p><strong>Lajm i keq p\u00ebr sportin shqiptar, ndahet nga jeta ish-lojtari i Partizanit Sabri Balla. Ish-futbollisti i t\u00eb kuqve \u00ebsht\u00eb ndar\u00eb nga jeta n\u00eb mosh\u00ebn 54-vje\u00e7are, teksa s\u00eb fundmi vuante nga diabeti.<\/strong><\/p>\n\n\n\n<p>Balla kishte dal\u00eb nga akademia e Partizanit dhe n\u00eb sezonin 1984-1985, u b\u00eb pjes\u00eb e ekipit t\u00eb par\u00eb n\u00eb mosh\u00ebn 18-vje\u00e7are, nd\u00ebrkoh\u00eb q\u00eb zuri vend edhe n\u00eb formacion asokohe.<\/p>\n\n\n\n<p>Nj\u00eb mesfushor i pa lodhur, i cili me paraqitjet e tij t\u00eb shk\u00eblqyera mori edhe ftes\u00ebn nga Komb\u00ebtarja e Shpresave. Balla ishte pjes\u00eb e Partizanit finalist n\u00eb Kup\u00ebn e Shqip\u00ebris\u00eb n\u00eb vitin 1985.<\/p>\n","protected":false},"excerpt":{"rendered":"<p>Lajm i keq p\u00ebr sportin shqiptar, ndahet nga jeta ish-lojtari i Partizanit Sabri Balla. Ish-futbollisti i t\u00eb kuqve \u00ebsht\u00eb ndar\u00eb nga jeta n\u00eb mosh\u00ebn 54-vje\u00e7are, teksa s\u00eb fundmi vuante nga diabeti. Balla kishte dal\u00eb nga akademia e Partizanit dhe n\u00eb sezonin 1984-1985, u b\u00eb pjes\u00eb e ekipit t\u00eb par\u00eb n\u00eb mosh\u00ebn 18-vje\u00e7are, nd\u00ebrkoh\u00eb q\u00eb zuri &hellip;<\/p>\n","protected":false},"author":1,"featured_media":2553,"comment_status":"closed","ping_status":"closed","sticky":true,"template":"","format":"standard","meta":{"_jetpack_memberships_contains_paid_content":false,"footnotes":""},"categories":[1],"tags":[],"jetpack_sharing_enabled":true,"jetpack_featured_media_url":"https:\/\/voranews.al\/wp-content\/uploads\/2020\/12\/C5A40281-7E51-4D06-9329-DAEC6E0956C6.jpeg","_links":{"self":[{"href":"https:\/\/voranews.al\/index.php?rest_route=\/wp\/v2\/posts\/2552"}],"collection":[{"href":"https:\/\/voranews.al\/index.php?rest_route=\/wp\/v2\/posts"}],"about":[{"href":"https:\/\/voranews.al\/index.php?rest_route=\/wp\/v2\/types\/post"}],"author":[{"embeddable":true,"href":"https:\/\/voranews.al\/index.php?rest_route=\/wp\/v2\/users\/1"}],"replies":[{"embeddable":true,"href":"https:\/\/voranews.al\/index.php?rest_route=%2Fwp%2Fv2%2Fcomments&post=2552"}],"version-history":[{"count":1,"href":"https:\/\/voranews.al\/index.php?rest_route=\/wp\/v2\/posts\/2552\/revisions"}],"predecessor-version":[{"id":2554,"href":"https:\/\/voranews.al\/index.php?rest_route=\/wp\/v2\/posts\/2552\/revisions\/2554"}],"wp:featuredmedia":[{"embeddable":true,"href":"https:\/\/voranews.al\/index.php?rest_route=\/wp\/v2\/media\/2553"}],"wp:attachment":[{"href":"https:\/\/voranews.al\/index.php?rest_route=%2Fwp%2Fv2%2Fmedia&parent=2552"}],"wp:term":[{"taxonomy":"category","embeddable":true,"href":"https:\/\/voranews.al\/index.php?rest_route=%2Fwp%2Fv2%2Fcategories&post=2552"},{"taxonomy":"post_tag","embeddable":true,"href":"https:\/\/voranews.al\/index.php?rest_route=%2Fwp%2Fv2%2Ftags&post=2552"}],"curies":[{"name":"wp","href":"https:\/\/api.w.org\/{rel}","templated":true}]}}