{"id":3355,"date":"2021-01-01T14:29:36","date_gmt":"2021-01-01T13:29:36","guid":{"rendered":"https:\/\/voranews.al\/?p=3355"},"modified":"2021-01-01T14:29:42","modified_gmt":"2021-01-01T13:29:42","slug":"te-gjitha-pergjigjet-per-fundin-e-pandemise-ja-kur-do-te-kthehemi-si-me-pare","status":"publish","type":"post","link":"https:\/\/voranews.al\/?p=3355","title":{"rendered":"T\u00eb gjitha p\u00ebrgjigjet p\u00ebr fundin e pandemis\u00eb, ja kur do t\u00eb kthehemi si m\u00eb par\u00eb"},"content":{"rendered":"\n<p>Deri tani vaksinat e certifikuara jan\u00eb Ffizer-Biondetch, Moderna dhe AstaZeneca me Johnson &amp; Johnson. Pyetja \u00ebsht\u00eb se sa do t\u00eb ndikoj\u00eb vaksina n\u00eb kthimin n\u00eb normalitet. M\u00eb posht\u00eb vjen nj\u00eb renditje e pyetjeve kryesore ku kemi dhe p\u00ebrgjigjet e ekspert\u00ebve, flet&nbsp;Massimo Galli, shef i s\u00ebmundjeve infektive n\u00eb spitalin Sacco n\u00eb Milano.<\/p>\n\n\n\n<p><strong>Kur do t\u2019u kthehemi p\u00ebrqafimeve dhe shtr\u00ebngimit t\u00eb duarve?<\/strong><\/p>\n\n\n\n<p>\u201cKur t\u00eb kemi arritur imunitetin e tuf\u00ebs, dometh\u00ebn\u00eb kur jemi t\u00eb sigurt se&nbsp;nuk ka m\u00eb mund\u00ebsi p\u00ebr nj\u00eb rifillim t\u00eb epidemis\u00eb. Ndoshta koronavirusi nuk do t\u00eb dal\u00eb nga qarkullimi, por n\u00ebse t\u00eb gjith\u00eb jemi imunizuar n\u00eb nj\u00eb sasi t\u00eb arsyeshme dhe kemi imunitet q\u00eb zgjat mjaftuesh\u00ebm mund t\u00eb mendojm\u00eb t\u00eb kthehemi te zakonet tona, p\u00ebrfshir\u00eb k\u00ebtu p\u00ebrsh\u00ebndetjen duke shtr\u00ebnguar duart dhe duke p\u00ebrqafuar t\u00eb dashurit. Kur? Ne duhet t\u00eb kemi topin e kristalt\u00eb p\u00ebr ta th\u00ebn\u00eb sakt\u00eb, por shpresojm\u00eb t\u00eb jet\u00eb n\u00eb vitin 2022. Un\u00eb mendoj se distancimi, larja e duarve dhe maskat jan\u00eb masa q\u00eb do t\u00eb duhet t\u00eb mbeten n\u00eb fuqi p\u00ebr t\u00ebr\u00eb vitin e ardhsh\u00ebm p\u00ebr t\u00eb parandaluar q\u00eb val\u00ebt epidemike t\u00eb mos fillojn\u00eb p\u00ebrs\u00ebri\u201d \u2013thot\u00eb Paolo Bonanni, epidemiolog dhe profesor i Higjen\u00ebs dhe Mjek\u00ebsis\u00eb Parandaluese n\u00eb Universitetin e Firences.<\/p>\n\n\n\n<p><strong>\u00c7far\u00eb u rekomandoni atyre q\u00eb duan ta kalojn\u00eb Vitin e Ri s\u00eb bashku?<\/strong><\/p>\n\n\n\n<p>\u201cNuk duhet ta ulim vigjilenc\u00ebn. \u00cbsht\u00eb mir\u00eb t\u00eb mbani distanc\u00eb edhe gjat\u00eb dark\u00ebs dhe t\u00eb vendosni mask\u00ebn kur nuk jeni duke ngr\u00ebn\u00eb. Numri i njer\u00ebzve me t\u00eb cil\u00ebt mund t\u00eb festoni duhet t\u00eb kufizohet n\u00eb 4 ose maksimumi 6 t\u00eb till\u00eb. Dhomat duhet t\u00eb ajrosen \u00e7do 1 or\u00eb (mbani nj\u00eb pallto gjat\u00eb koh\u00ebs s\u00eb ajrosjes) dhe jini t\u00eb v\u00ebmendsh\u00ebm p\u00ebr t\u00eb gjitha ato q\u00eb duken situata t\u00eb rrezikshme, si shk\u00ebmbimi i telefonave celular\u00eb p\u00ebr t\u00eb shk\u00ebmbyer p\u00ebrsh\u00ebndetje me njer\u00ebz q\u00eb mungojn\u00eb ose duke shk\u00ebmbyer dhe sh\u00ebrbyer pjata\u201d&nbsp;\u2013 thot\u00eb Fabrizio Pregliasco, virolog, drejtor mjek\u00ebsor i spitalit Galeazzi n\u00eb Milano.<\/p>\n\n\n\n<p><strong>Kur do t\u00eb jemi n\u00eb gjendje t\u00eb kthehemi n\u00eb zyr\u00eb p\u00ebr t\u00eb b\u00ebr\u00eb nj\u00eb bised\u00eb me koleg\u00ebt pa shqet\u00ebsimin e mask\u00ebs dhe&nbsp;<\/strong><strong>distancimit?<\/strong><\/p>\n\n\n\n<p>\u201c\u00cbsht\u00eb shum\u00eb e mundshme q\u00eb ne do t\u00eb jetojm\u00eb me k\u00ebt\u00eb virus p\u00ebr 1-2 vjet, derisa t\u00eb arrijm\u00eb imunitetin e tuf\u00ebs ose 70-80% t\u00eb jen\u00eb vaksinuar. N\u00eb k\u00ebt\u00eb periudh\u00eb, derisa t\u00eb vaksinohemi, nuk do t\u00eb duhet t\u00eb ndryshojm\u00eb sjelljen aktuale. Virusi do t\u00eb qarkulloj\u00eb me m\u00eb shum\u00eb variante q\u00eb kan\u00eb nj\u00eb forc\u00eb m\u00eb t\u00eb madhe ngjit\u00ebse dhe p\u00ebr k\u00ebt\u00eb arsye mund t\u00eb infektohemi apo t\u00eb zhvillojm\u00eb s\u00ebmundjen. Kujtojn\u00eb se vaksinat parandalojn\u00eb s\u00ebmundjen, por nuk e kurojn\u00eb at\u00eb, prandaj, n\u00eb munges\u00eb t\u00eb terapive efektive p\u00ebr Covid-19, \u00ebsht\u00eb akoma shum\u00eb e r\u00ebnd\u00ebsishme t\u00eb vazhdoni t\u00eb merrni t\u00eb gjitha masat (maska, larje duarsh, distancim) p\u00ebr t\u00eb zvog\u00ebluar rrezikun e infeksionit. K\u00ebshtu do t\u00eb kaloj\u00eb t\u00eb pakt\u00ebn edhe nj\u00eb vit para se t\u00eb mund t\u00eb kthehemi me qet\u00ebsi n\u00eb vendin e pun\u00ebs dhe t\u00eb rifillojm\u00eb edhe ato rituale shoq\u00ebrore t\u00eb dashura p\u00ebr ne si\u00e7 jan\u00eb pushimi i kafes\u00eb n\u00eb makin\u00eb ose n\u00eb lokal\u201d&nbsp;\u2013 thot\u00eb Sergio Abrignani, imunolog, profesor i rregullt i Patologjis\u00eb s\u00eb P\u00ebrgjithshme n\u00eb Universitetin Shtet\u00ebror t\u00eb Milanos dhe drejtor i Institutit Komb\u00ebtar t\u00eb Gjenetik\u00ebs Molekulare \u201cRomeo dhe Enrica Invernizzi\u201d.<\/p>\n\n\n\n<p><strong>Kur do t\u00eb jemi n\u00eb gjendje t\u00eb heqim maskat?<\/strong><\/p>\n\n\n\n<p>\u201cSigurisht jo shpejt. Do t\u00eb duhet t\u00eb presim q\u00eb fushata e vaksinimit t\u00eb p\u00ebrfundoj\u00eb me nj\u00eb p\u00ebrqindje t\u00eb popullsis\u00eb t\u00eb pakt\u00ebn 75%. Vet\u00ebm n\u00eb k\u00ebt\u00eb rast, dhe pas disa muajsh, pasi t\u00eb jet\u00eb konstatuar se imuniteti i shkaktuar nga vaksinimi dhe ai i tuf\u00ebs jan\u00eb efektiv\u00eb, do t\u00eb jet\u00eb e mundur t\u00eb mendoni p\u00ebr heqjen dor\u00eb nga maska\u201d&nbsp;\u2013 thot\u00eb Pierangelo Clerici, president i Shoqat\u00ebs Italiane t\u00eb Mikrobiolog\u00ebve Klinik\u00eb dhe t\u00eb Federat\u00ebs Italiane t\u00eb Shoq\u00ebrive Laboratorike Shkencore.<\/p>\n\n\n\n<p><strong>Kur do t\u00eb jen\u00eb n\u00eb gjendje f\u00ebmij\u00ebt tan\u00eb t\u00eb kthehen n\u00eb sportet e mbyllura?<\/strong><\/p>\n\n\n\n<p>\u201cAktivitetet sportive, dhe n\u00eb ve\u00e7anti ato t\u00eb \u201ckontaktit\u201d n\u00eb nj\u00eb mjedis t\u00eb kufizuar, jan\u00eb ndaluar p\u00ebr shkak t\u00eb rrezikut t\u00eb lart\u00eb t\u00eb transmetimit t\u00eb virusit q\u00eb shkaktojn\u00eb mjediset e brendshme. Aktiviteti sportiv rrit ritmin e zemr\u00ebs dhe t\u00eb frym\u00ebmarrjes me nj\u00eb rritje t\u00eb rrezikut t\u00eb p\u00ebrhapjes s\u00eb \u201cpiklave\u201d n\u00eb nj\u00eb distanc\u00eb m\u00eb t\u00eb madhe se nj\u00eb met\u00ebr, kufiri minimal i p\u00ebrcaktuar nga nj\u00eb konvent\u00eb shkencore e njohur nd\u00ebrkomb\u00ebtarisht, i distancimit p\u00ebr t\u00eb shmangur infektimin. Imagjinoj q\u00eb aktivitetet e sporteve n\u00eb ambiente t\u00eb mbyllura do t\u00eb autorizohen kur kurba e infektimit do t\u00eb tregoj\u00eb prova t\u00eb q\u00ebndrimit n\u00ebn pragun e v\u00ebzhgimit dhe gjurmimit t\u00eb kontaktit. Ne e konsiderojm\u00eb at\u00eb prag n\u00eb 50 raste p\u00ebr 100 mij\u00eb banor\u00eb, sot n\u00eb Itali kemi rreth 160 raste p\u00ebr 100 mij\u00eb, pra jemi m\u00eb shum\u00eb se 3 her\u00eb p\u00ebrtej mund\u00ebsis\u00eb s\u00eb kontrollit t\u00eb p\u00ebrhapjes s\u00eb virusit. Fushata e vaksinimit, n\u00ebse kryhet pa nd\u00ebrlikime t\u00eb ve\u00e7anta, sigurisht q\u00eb do t\u00eb leht\u00ebsoj\u00eb afrimin e k\u00ebtij momenti\u201d&nbsp;\u2013 thot\u00eb Agostino Miozzo, koordinator i Komitetit Teknik Shkencor.<\/p>\n\n\n\n<p><strong>Kur do t\u00eb jemi n\u00eb gjendje t\u00eb vizitojm\u00eb t\u00eb af\u00ebrmit dhe miqt\u00eb e shtruar n\u00eb spital?<\/strong><\/p>\n\n\n\n<p>\u201cNe ndoshta do t\u00eb jemi n\u00eb gjendje t\u00eb shkojm\u00eb kur t\u00eb jemi t\u00eb vaksinuar t\u00eb gjith\u00eb ose n\u00eb \u00e7do rast ata q\u00eb kan\u00eb nj\u00eb certifikat\u00eb q\u00eb v\u00ebrteton vaksinimin ose q\u00eb kan\u00eb kaluar tashm\u00eb s\u00ebmundjen dhe q\u00eb mund ta b\u00ebjn\u00eb k\u00ebt\u00eb. Frenimi i infeksionit mund t\u00eb jap\u00eb hap\u00ebsir\u00eb p\u00ebr m\u00eb shum\u00eb liri edhe para se t\u00eb kryhet vaksinimi masiv. Un\u00eb mbetem i ides\u00eb s\u00eb maturis\u00eb absolute sepse spitalet jan\u00eb vendi i fundit q\u00eb ne mund t\u00eb rrezikojm\u00eb t\u00eb lejojm\u00eb q\u00eb virusi t\u00eb hyj\u00eb. Mund\u00ebsia e kryerjes s\u00eb testit t\u00eb shpejt\u00eb me ndjeshm\u00ebri t\u00eb lart\u00eb para hyrjes n\u00eb spital p\u00ebr t\u00eb takuar nj\u00eb t\u00eb af\u00ebrm \u00ebsht\u00eb nj\u00eb mund\u00ebsi q\u00eb duhet t\u00eb merret parasysh, por nuk \u00ebsht\u00eb e leht\u00eb t\u00eb zbatohet n\u00eb m\u00ebnyr\u00eb masive, edhe p\u00ebr shkak t\u00eb munges\u00ebs s\u00eb stafit. Sidoqoft\u00eb, un\u00eb besoj se vizitat n\u00eb spital nuk jan\u00eb p\u00ebrpar\u00ebsi n\u00eb k\u00ebt\u00eb koh\u00eb, megjith\u00ebse jam krejt\u00ebsisht i vet\u00ebdijsh\u00ebm se ka nj\u00eb r\u00ebnd\u00ebsi t\u00eb madhe q\u00eb nj\u00eb pacient duhet t\u00eb shoh\u00eb an\u00ebtar\u00ebt e familjes s\u00eb tij\u201d&nbsp;\u2013 thot\u00eb Massimo Galli, shef i s\u00ebmundjeve infektive n\u00eb spitalin Sacco n\u00eb Milano.<\/p>\n\n\n\n<p><strong>Kur do t\u00eb jet\u00eb e mundur t\u00eb udh\u00ebtojm\u00eb p\u00ebrs\u00ebri?<\/strong><\/p>\n\n\n\n<p>\u201cNe gradualisht do t\u00eb rifillojm\u00eb udh\u00ebtimet bazuar n\u00eb progresin e pandemis\u00eb n\u00eb vende t\u00eb ndryshme, dometh\u00ebn\u00eb kur situatat epidemiologjike jan\u00eb t\u00eb ngjashme dhe n\u00ebn kontroll. Kjo \u00ebsht\u00eb arsyeja pse koordinimi nd\u00ebrkomb\u00ebtar \u00ebsht\u00eb kaq i r\u00ebnd\u00ebsish\u00ebm: n\u00eb k\u00ebt\u00eb kuptim, ajo q\u00eb po ndodh me vaksinimet, ndarja e dozave n\u00eb t\u00eb nj\u00ebjt\u00ebn koh\u00eb mes vendeve t\u00eb ndryshme evropiane, \u00ebsht\u00eb shum\u00eb e r\u00ebnd\u00ebsishme\u201d&nbsp;\u2013 thot\u00eb Luca Richeldi, pulmonolog, kryemjek i Poliklinik\u00ebs Gemelli dhe an\u00ebtar i Komitetit Teknik Shkencor.<\/p>\n\n\n\n<p><strong>A ka zakone q\u00eb do t\u00eb mbani edhe pas pandemis\u00eb?<\/strong><\/p>\n\n\n\n<p>\u201cUn\u00eb patjet\u00ebr q\u00eb do t\u00eb vazhdoj t\u00eb laj duart m\u00eb shpesh. Nuk mendoj se do t\u00eb p\u00ebrsh\u00ebndetem s\u00eb shpejti me nj\u00eb shtr\u00ebngim duarsh ose me nj\u00eb p\u00ebrqafim. Un\u00eb do t\u00eb punoj shum\u00eb m\u00eb tep\u00ebr me takime kompjuterike virtuale. Do t\u00eb udh\u00ebtoj shum\u00eb m\u00eb pak p\u00ebr pun\u00eb, sepse shum\u00eb konferenca dhe takime do t\u00eb vazhdojn\u00eb t\u00eb jen\u00eb virtuale. Un\u00eb do t\u00eb jem gjithnj\u00eb e m\u00eb krenar t\u00eb jem pjes\u00eb e bot\u00ebs s\u00eb vog\u00ebl t\u00eb k\u00ebrkimit shkencor, i cili me vaksinat po shp\u00ebton bot\u00ebn e madhe t\u00eb t\u00eb gjith\u00ebve nga nj\u00eb katastrof\u00eb pandemike\u201d&nbsp;\u2013 thot\u00eb Sergio Abrignani, imunolog, profesor i rregullt i Patologjis\u00eb s\u00eb P\u00ebrgjithshme n\u00eb Universitetin Shtet\u00ebror t\u00eb Milanos dhe drejtor i Institutit Komb\u00ebtar t\u00eb Gjenetik\u00ebs Molekulare \u201cRomeo dhe Enrica Invernizzi\u201d.<\/p>\n\n\n\n<p><strong>Kur do t\u00eb jet\u00eb e mundur t\u00eb shohim nj\u00eb ndeshje n\u00eb stadium?<\/strong><\/p>\n\n\n\n<p>\u201cN\u00ebse do t\u00eb ktheheshim n\u00eb kushtet n\u00eb t\u00eb cilat ishim n\u00eb qershor\/korrik, me RT n\u00ebn 1, nuk do t\u00eb shihja problem me 1 mij\u00eb njer\u00ebz q\u00eb t\u00eb ndiqnin nj\u00eb ndeshje n\u00eb nj\u00eb stadium t\u00eb zbraz\u00ebt. Problemi q\u00eb duhet t\u00eb menaxhohet \u00ebsht\u00eb m\u00eb tep\u00ebr grumbullimi q\u00eb krijohet n\u00eb hyrje dhe n\u00eb dalje. \u00cbsht\u00eb ajo q\u00eb duhet t\u00eb nd\u00ebrhyjm\u00eb p\u00ebr t\u00eb rralluar pranin\u00eb e shum\u00eb njer\u00ebzve me nj\u00eb qasje t\u00eb shkall\u00ebzuar. 1 mij\u00eb njer\u00ebz jasht\u00eb n\u00eb nj\u00eb struktur\u00eb q\u00eb mund t\u00eb strehoj\u00eb 30,000 spektator\u00eb nuk paraqet problem p\u00ebr infeksionin\u201d&nbsp;\u2013 thot\u00eb Paolo Bonanni, epidemiolog, profesor i Higjen\u00ebs dhe Mjek\u00ebsis\u00eb Parandaluese n\u00eb Universitetin e Firences.<\/p>\n\n\n\n<p><strong>Kur do t\u00eb shkojm\u00eb n\u00eb nj\u00eb koncert?<\/strong><\/p>\n\n\n\n<p>\u201cGjith\u00e7ka do t\u00eb varet nga shpejt\u00ebsia me t\u00eb cil\u00ebn kryhet fushata e vaksinimit dhe do t\u00eb arrihet imuniteti i tuf\u00ebs (t\u00eb pakt\u00ebn 70% p\u00ebr k\u00ebt\u00eb virus). Un\u00eb mendoj se duhet ende e gjith\u00eb 2021 p\u00ebr t\u00eb rimenduar koncertet n\u00eb stadiume apo t\u00eb tifoz\u00ebve t\u00eb bashkuar me nj\u00ebri-tjetrin n\u00eb tribuna. N\u00eb vend t\u00eb k\u00ebsaj, un\u00eb besoj se koncertet e muzik\u00ebs klasike mund t\u00eb mbahen m\u00eb her\u00ebt, apo dhe n\u00eb raste t\u00eb tjera q\u00eb lejojn\u00eb distanc\u00ebn fizike\u201d&nbsp;\u2013 thot\u00eb Fabrizio Pregliasco, virolog, drejtor mjek\u00ebsor i spitalit Galeazzi n\u00eb Milano.<\/p>\n\n\n\n<p><strong>A do t\u00eb jemi n\u00eb gjendje t\u00eb vizitojm\u00eb gjysh\u00ebrit kur ata t\u00eb vaksinohen?<\/strong><\/p>\n\n\n\n<p>\u201cSigurisht, por jo menj\u00ebher\u00eb pasi p\u00ebrgjigja imune e shkaktuar nga vaksinimi dhe kujtesa imunologjike vendosen disa jav\u00eb pas injektimit t\u00eb doz\u00ebs s\u00eb dyt\u00eb. Kur t\u00eb jemi t\u00eb sigurt se gjysh\u00ebrit jan\u00eb imunizuar, ne mund t\u2019i takojm\u00eb ata pa problem. Ajo q\u00eb \u00ebsht\u00eb e mir\u00eb dhe e drejt\u00eb \u00ebsht\u00eb q\u00eb f\u00ebmij\u00ebt dhe nip\u00ebrit t\u00eb vaksinohen p\u00ebr t\u00eb rritur mund\u00ebsin\u00eb e mos-transmetimit t\u00eb virusit\u201d&nbsp;\u2013 thot\u00eb Pierangelo Clerici, president i Shoqat\u00ebs Italiane t\u00eb Mikrobiolog\u00ebve Klinik\u00eb dhe t\u00eb Federat\u00ebs Italiane t\u00eb Shoq\u00ebrive Laboratorike Shkencore.<\/p>\n\n\n\n<p><strong>Kush vaksinohet i pari do t\u00eb ket\u00eb m\u00eb shum\u00eb liri?<\/strong><\/p>\n\n\n\n<p>\u201cShumica d\u00ebrrmuese (95%) e atyre q\u00eb do t\u00eb vaksinohen, 30-40 dit\u00eb pas doz\u00ebs s\u00eb par\u00eb do t\u00eb mbrohen nga s\u00ebmundja dhe ndoshta, me shumic\u00ebn e vaksinave, madje edhe nga infeksioni, edhe n\u00ebse do t\u00eb jemi t\u00eb sigurt p\u00ebr k\u00ebt\u00eb t\u00eb fundit n\u00eb disa muaj. K\u00ebshtu, ata q\u00eb vaksinohen do t\u00eb mbrohen dhe duhet t\u00eb jen\u00eb n\u00eb gjendje t\u00eb udh\u00ebtojn\u00eb m\u00eb lirsh\u00ebm dhe t\u2019u n\u00ebnshtrohen m\u00eb pak kufizimeve. Sidoqoft\u00eb, do t\u00eb ishte e k\u00ebshillueshme q\u00eb edhe t\u00eb vaksinuarit, gjat\u00eb koh\u00ebzgjatjes s\u00eb pandemis\u00eb, t\u00eb p\u00ebrdorin mask\u00ebn n\u00eb vende t\u00eb mbushura me njer\u00ebz; kjo p\u00ebr t\u00eb shmangur q\u00eb 5% e vaksinuarve q\u00eb nuk do t\u00eb mbrohen t\u00eb mos infektohen n\u00eb ambiente t\u00eb mbushura me njer\u00ebz. P\u00ebr disa muaj, shumica e t\u00eb moshuarve do t\u00eb jen\u00eb vaksinuar, dometh\u00ebn\u00eb, pjesa e popullsis\u00eb m\u00eb e ndjeshme ndaj formave t\u00eb r\u00ebnda t\u00eb Covid-19 dhe p\u00ebr k\u00ebt\u00eb arsye ne duhet t\u00eb shohim nj\u00eb r\u00ebnie t\u00eb ndjeshme t\u00eb vdekjeve n\u00eb nj\u00eb koh\u00eb t\u00eb shkurt\u00ebr. N\u00eb at\u00eb moment ne do t\u00eb fillojm\u00eb t\u00eb menaxhojm\u00eb nj\u00eb pandemi n\u00eb t\u00eb cil\u00ebn shum\u00eb do t\u00eb infektohen, por pak do t\u00eb vdesin. Sidoqoft\u00eb, kjo nuk do t\u00eb n\u00ebnkuptoj\u00eb t\u00eb gjith\u00eb, sepse n\u00ebse nuk e ndalojm\u00eb qarkullimin e virusit me sjelljen ton\u00eb, ne rrezikojm\u00eb q\u00eb t\u00eb dal\u00eb nj\u00eb variant i ri i virusit, i cili mund t\u2019u shp\u00ebtoj\u00eb vaksinave t\u00eb disponueshme\u201d&nbsp;\u2013 thot\u00eb Sergio Abrignani, imunolog, profesor i rregullt i Patologjis\u00eb s\u00eb P\u00ebrgjithshme n\u00eb Universitetin Shtet\u00ebror t\u00eb Milanos dhe drejtor i Institutit Komb\u00ebtar t\u00eb Gjenetik\u00ebs Molekulare \u201cRomeo dhe Enrica Invernizzi\u201d.<\/p>\n\n\n\n<p><strong>Kur do t\u00eb kthehemi t\u00eb ham\u00eb n\u00eb restorant pa ankth?<\/strong><\/p>\n\n\n\n<p>\u201cNe do t\u00eb jemi n\u00eb gjendje ta b\u00ebjm\u00eb k\u00ebt\u00eb kur t\u00eb kemi nj\u00eb pjes\u00eb t\u00eb madhe t\u00eb popullat\u00ebs s\u00eb prekshme t\u00eb mbrojtur nga vaksina dhe qarkullimi i koronavirusit do t\u00eb priret t\u00eb ulet si rezultat i rritjes s\u00eb njer\u00ebzve imun\u00eb. Sidoqoft\u00eb, ju kujtojm\u00eb se edhe tashm\u00eb duke respektuar rregullat n\u00eb fuqi, \u00ebsht\u00eb e mundur t\u00eb shkoni n\u00eb restorante pa ankth, por me shum\u00eb kujdes\u201d&nbsp;\u2013 thot\u00eb Luca Richeldi, pulmonolog, kryemjek i Poliklinik\u00ebs Gemelli dhe an\u00ebtar i Komitetit Teknik Shkencor.<\/p>\n\n\n\n<p><strong>\u00c7far\u00eb nuk do t\u00eb kthehet si m\u00eb par\u00eb?<\/strong><\/p>\n\n\n\n<p>\u201cS\u00eb pari, shpresoj q\u00eb nj\u00eb sistem sh\u00ebndet\u00ebsor q\u00eb ka treguar t\u00eb gjitha limitet e tij t\u00eb mos kthehet m\u00eb si m\u00eb par\u00eb dhe shpresoj se duam ta kthejm\u00eb situat\u00ebn dhe t\u00eb p\u00ebrmir\u00ebsojm\u00eb sh\u00ebndetin ton\u00eb n\u00eb nj\u00eb m\u00ebnyr\u00eb vendimtare, duke marr\u00eb parasysh r\u00ebnd\u00ebsin\u00eb e mjek\u00ebsis\u00eb territoriale dhe sh\u00ebndetit publik. N\u00eb fund t\u00eb epidemis\u00eb do t\u00eb kthehemi t\u00eb shohim nj\u00ebri-tjetrin dhe t\u00eb jemi s\u00eb bashku, njeriu \u00ebsht\u00eb nj\u00eb kafsh\u00eb sociale, por besoj se pas nj\u00eb eksperience t\u00eb till\u00eb do t\u00eb mbajm\u00eb gjall\u00eb rregullat e higjien\u00ebs mjedisore dhe personale dhe v\u00ebmendjen ndaj ventilimit. Ndoshta nuk do t\u00eb jet\u00eb aq e pazakont\u00eb t\u00eb shoh\u00ebsh njer\u00ebz me maska gjat\u00eb periudh\u00ebs s\u00eb gripit, si\u00e7 ndodh n\u00eb vendet e lindjes\u201d&nbsp;\u2013 thot\u00eb Massimo Galli, shef i s\u00ebmundjeve infektive n\u00eb spitalin Sacco n\u00eb Milano.<\/p>\n","protected":false},"excerpt":{"rendered":"<p>Deri tani vaksinat e certifikuara jan\u00eb Ffizer-Biondetch, Moderna dhe AstaZeneca me Johnson &amp; Johnson. Pyetja \u00ebsht\u00eb se sa do t\u00eb ndikoj\u00eb vaksina n\u00eb kthimin n\u00eb normalitet. M\u00eb posht\u00eb vjen nj\u00eb renditje e pyetjeve kryesore ku kemi dhe p\u00ebrgjigjet e ekspert\u00ebve, flet&nbsp;Massimo Galli, shef i s\u00ebmundjeve infektive n\u00eb spitalin Sacco n\u00eb Milano. Kur do t\u2019u kthehemi &hellip;<\/p>\n","protected":false},"author":1,"featured_media":3356,"comment_status":"closed","ping_status":"closed","sticky":true,"template":"","format":"standard","meta":{"_jetpack_memberships_contains_paid_content":false,"footnotes":""},"categories":[20],"tags":[],"jetpack_sharing_enabled":true,"jetpack_featured_media_url":"https:\/\/voranews.al\/wp-content\/uploads\/2021\/01\/CAC0B927-D604-436B-BF93-00E895B51655.jpeg","_links":{"self":[{"href":"https:\/\/voranews.al\/index.php?rest_route=\/wp\/v2\/posts\/3355"}],"collection":[{"href":"https:\/\/voranews.al\/index.php?rest_route=\/wp\/v2\/posts"}],"about":[{"href":"https:\/\/voranews.al\/index.php?rest_route=\/wp\/v2\/types\/post"}],"author":[{"embeddable":true,"href":"https:\/\/voranews.al\/index.php?rest_route=\/wp\/v2\/users\/1"}],"replies":[{"embeddable":true,"href":"https:\/\/voranews.al\/index.php?rest_route=%2Fwp%2Fv2%2Fcomments&post=3355"}],"version-history":[{"count":1,"href":"https:\/\/voranews.al\/index.php?rest_route=\/wp\/v2\/posts\/3355\/revisions"}],"predecessor-version":[{"id":3357,"href":"https:\/\/voranews.al\/index.php?rest_route=\/wp\/v2\/posts\/3355\/revisions\/3357"}],"wp:featuredmedia":[{"embeddable":true,"href":"https:\/\/voranews.al\/index.php?rest_route=\/wp\/v2\/media\/3356"}],"wp:attachment":[{"href":"https:\/\/voranews.al\/index.php?rest_route=%2Fwp%2Fv2%2Fmedia&parent=3355"}],"wp:term":[{"taxonomy":"category","embeddable":true,"href":"https:\/\/voranews.al\/index.php?rest_route=%2Fwp%2Fv2%2Fcategories&post=3355"},{"taxonomy":"post_tag","embeddable":true,"href":"https:\/\/voranews.al\/index.php?rest_route=%2Fwp%2Fv2%2Ftags&post=3355"}],"curies":[{"name":"wp","href":"https:\/\/api.w.org\/{rel}","templated":true}]}}