{"id":3368,"date":"2021-01-01T15:38:43","date_gmt":"2021-01-01T14:38:43","guid":{"rendered":"https:\/\/voranews.al\/?p=3368"},"modified":"2021-01-01T15:38:48","modified_gmt":"2021-01-01T14:38:48","slug":"parashikimet-e-nostradamus-per-2021-asteroide-zombie-dhe-nje-pamje-e-keqe","status":"publish","type":"post","link":"https:\/\/voranews.al\/?p=3368","title":{"rendered":"Parashikimet e Nostradamus p\u00ebr 2021: Asteroide, \u201czombie\u201d dhe nj\u00eb pamje e keqe"},"content":{"rendered":"\n<p>Nostradamus, i cili vdiq n\u00eb vitin 1566, ka profetizuar n\u00eb m\u00ebnyr\u00eb t\u00eb famshme ngjarje katastrofike p\u00ebrmes \u201cLes Proph\u00e9ties\u201d.<\/p>\n\n\n\n<p>Shikuesi i epok\u00ebs s\u00eb Rilindjes aludoi n\u00eb ngjarje t\u00eb tilla si Revolucioni Francez, zhvillimi i bomb\u00ebs atomike dhe sulmet terroriste t\u00eb 11 shtatorit.<\/p>\n\n\n\n<p>Tani, lexues t\u00eb af\u00ebrt t\u00eb vepr\u00ebs s\u00eb tij thon\u00eb se ai parashikoi nj\u00eb 2021 edhe m\u00eb shkat\u00ebrrues se ky peizazh ferri i nj\u00eb viti q\u00eb po kalojm\u00eb.<\/p>\n\n\n\n<p>N\u00eb shkrimet e tij, ai p\u00ebrmend: \u201cpak njer\u00ebz t\u00eb rinj, shum\u00eb njer\u00ebz t\u00eb vdekur\u201d. Kjo mund t\u00eb n\u00ebnkuptoj\u00eb vet\u00ebm nj\u00eb gj\u00eb, sipas Yearly-Horoscope: nj\u00eb apokalips \u2018zombi\u2019.<\/p>\n\n\n\n<p>\u201cBaballar\u00eb dhe n\u00ebna t\u00eb vdekura nga hidh\u00ebrime t\u00eb pafund \/ grat\u00eb n\u00eb zi, murtaja dhe \u2018p\u00ebrbind\u00ebsha\u2019 dhe e gjith\u00eb bota t\u00eb marr\u00eb fund\u201d, vazhdoi filozofi, n\u00eb m\u00ebnyr\u00eb ogurzi.<\/p>\n\n\n\n<p>Nostradamus gjithashtu duket se aludon n\u00eb pandemin\u00eb e coronavirusit t\u00eb vitit 2020 \u2013 por shkruan se viti vijues do t\u00eb jet\u00eb edhe m\u00eb shkat\u00ebrrues, mbase duke sjell\u00eb uri n\u00eb bot\u00eb.<\/p>\n\n\n\n<p>\u201cPas telasheve t\u00eb m\u00ebdha p\u00ebr njer\u00ebzimin, nj\u00eb m\u00eb i madh p\u00ebrgatitet\u201d, shkroi Nostradamus. Ai po ashtu thot\u00eb se asteroid\u00eb do t\u00eb godasin tok\u00ebn m\u00eb shum\u00eb.<\/p>\n\n\n\n<p>Sidoqoft\u00eb, historian\u00ebt shpesh theksojn\u00eb se shkrimet e Nostradamus jan\u00eb tep\u00ebr t\u00eb paqarta \u2013 ose madje plot\u00ebsisht t\u00eb paqena.<\/p>\n","protected":false},"excerpt":{"rendered":"<p>Nostradamus, i cili vdiq n\u00eb vitin 1566, ka profetizuar n\u00eb m\u00ebnyr\u00eb t\u00eb famshme ngjarje katastrofike p\u00ebrmes \u201cLes Proph\u00e9ties\u201d. Shikuesi i epok\u00ebs s\u00eb Rilindjes aludoi n\u00eb ngjarje t\u00eb tilla si Revolucioni Francez, zhvillimi i bomb\u00ebs atomike dhe sulmet terroriste t\u00eb 11 shtatorit. Tani, lexues t\u00eb af\u00ebrt t\u00eb vepr\u00ebs s\u00eb tij thon\u00eb se ai parashikoi nj\u00eb 2021 &hellip;<\/p>\n","protected":false},"author":1,"featured_media":3369,"comment_status":"closed","ping_status":"closed","sticky":true,"template":"","format":"standard","meta":{"_jetpack_memberships_contains_paid_content":false,"footnotes":""},"categories":[35],"tags":[],"jetpack_sharing_enabled":true,"jetpack_featured_media_url":"https:\/\/voranews.al\/wp-content\/uploads\/2021\/01\/90FF6C85-0BAF-477B-8B33-9695B3D34946.jpeg","_links":{"self":[{"href":"https:\/\/voranews.al\/index.php?rest_route=\/wp\/v2\/posts\/3368"}],"collection":[{"href":"https:\/\/voranews.al\/index.php?rest_route=\/wp\/v2\/posts"}],"about":[{"href":"https:\/\/voranews.al\/index.php?rest_route=\/wp\/v2\/types\/post"}],"author":[{"embeddable":true,"href":"https:\/\/voranews.al\/index.php?rest_route=\/wp\/v2\/users\/1"}],"replies":[{"embeddable":true,"href":"https:\/\/voranews.al\/index.php?rest_route=%2Fwp%2Fv2%2Fcomments&post=3368"}],"version-history":[{"count":1,"href":"https:\/\/voranews.al\/index.php?rest_route=\/wp\/v2\/posts\/3368\/revisions"}],"predecessor-version":[{"id":3370,"href":"https:\/\/voranews.al\/index.php?rest_route=\/wp\/v2\/posts\/3368\/revisions\/3370"}],"wp:featuredmedia":[{"embeddable":true,"href":"https:\/\/voranews.al\/index.php?rest_route=\/wp\/v2\/media\/3369"}],"wp:attachment":[{"href":"https:\/\/voranews.al\/index.php?rest_route=%2Fwp%2Fv2%2Fmedia&parent=3368"}],"wp:term":[{"taxonomy":"category","embeddable":true,"href":"https:\/\/voranews.al\/index.php?rest_route=%2Fwp%2Fv2%2Fcategories&post=3368"},{"taxonomy":"post_tag","embeddable":true,"href":"https:\/\/voranews.al\/index.php?rest_route=%2Fwp%2Fv2%2Ftags&post=3368"}],"curies":[{"name":"wp","href":"https:\/\/api.w.org\/{rel}","templated":true}]}}